{"id":5163,"date":"2013-11-15T08:00:00","date_gmt":"2013-11-15T11:00:00","guid":{"rendered":"http:\/\/ultimato.com.br\/sites\/blogdaultimato\/?p=5163"},"modified":"2013-11-14T08:08:36","modified_gmt":"2013-11-14T11:08:36","slug":"diadarepublica","status":"publish","type":"post","link":"https:\/\/ultimato.com.br\/sites\/blogdaultimato\/2013\/11\/15\/diadarepublica\/","title":{"rendered":"#DiaDaRep\u00fablica"},"content":{"rendered":"<p><strong><a href=\"http:\/\/ultimato.com.br\/sites\/blogdaultimato\/files\/2013\/11\/Capa-Ult264.jpg\" class=\"lightview\" data-lightview-group=\"group-5163\" data-lightview-options=\"skin: 'dark', controls: 'relative', padding: '10', shadow: { color: '#000000', opacity: 0.08, blur: 3 }\"><img loading=\"lazy\" decoding=\"async\" class=\"alignright  wp-image-5164\" alt=\"Capa-Ult264\" src=\"http:\/\/ultimato.com.br\/sites\/blogdaultimato\/files\/2013\/11\/Capa-Ult264.jpg\" width=\"183\" height=\"240\" srcset=\"https:\/\/ultimato.com.br\/sites\/blogdaultimato\/files\/2013\/11\/Capa-Ult264.jpg 261w, https:\/\/ultimato.com.br\/sites\/blogdaultimato\/files\/2013\/11\/Capa-Ult264-228x300.jpg 228w, https:\/\/ultimato.com.br\/sites\/blogdaultimato\/files\/2013\/11\/Capa-Ult264-114x150.jpg 114w\" sizes=\"auto, (max-width: 183px) 100vw, 183px\" \/><\/a>15 de novembro de 1889<\/strong> \u2014 O alagoano Manuel Deodoro da Fonseca, de 62 anos, com o apoio de outro alagoano, Floriano Vieira Peixoto, de 50 anos, proclama, de madrugada, a rep\u00fablica brasileira, pondo fim ao sistema imperial, que durou 67 anos. O golpe militar foi planejado na resid\u00eancia de Deodoro quatro dias antes e tornou-se poss\u00edvel porque a essa altura os fazendeiros, os militares e a igreja haviam retirado seu apoio \u00e0 monarquia. Pedro II, de 64 anos de vida e 49 anos de governo, e sua fam\u00edlia, t\u00eam 24 horas para deixar o pa\u00eds. O marechal Deodoro da Fonseca assume o poder como chefe do Governo Provis\u00f3rio.<\/p>\n<p>&nbsp;<\/p>\n<p>&nbsp;<\/p>\n<p>Leia <a href=\"http:\/\/www.ultimato.com.br\/revista\/artigos\/264\/cronologia\/\" target=\"_blank\">aqui<\/a> em 3 minutos uma breve cronologia do Brasil, com \u00eanfase nos aspectos religiosos, publicada na revista <strong>Ultimato<\/strong> 264.<\/p>\n","protected":false},"excerpt":{"rendered":"<p>15 de novembro de 1889 \u2014 O alagoano Manuel Deodoro da Fonseca, de 62 anos, com o apoio de outro alagoano, Floriano Vieira Peixoto, de 50 anos, proclama, de madrugada, a rep\u00fablica brasileira, pondo fim ao sistema imperial, que durou 67 anos. O golpe militar foi planejado na resid\u00eancia de Deodoro quatro dias antes e [&#8230;]<\/p>\n","protected":false},"author":21,"featured_media":0,"comment_status":"open","ping_status":"open","sticky":false,"template":"","format":"standard","meta":{"ngg_post_thumbnail":0,"footnotes":""},"categories":[9536],"tags":[],"class_list":["post-5163","post","type-post","status-publish","format-standard","hentry","category-do-editor"],"_links":{"self":[{"href":"https:\/\/ultimato.com.br\/sites\/blogdaultimato\/wp-json\/wp\/v2\/posts\/5163","targetHints":{"allow":["GET"]}}],"collection":[{"href":"https:\/\/ultimato.com.br\/sites\/blogdaultimato\/wp-json\/wp\/v2\/posts"}],"about":[{"href":"https:\/\/ultimato.com.br\/sites\/blogdaultimato\/wp-json\/wp\/v2\/types\/post"}],"author":[{"embeddable":true,"href":"https:\/\/ultimato.com.br\/sites\/blogdaultimato\/wp-json\/wp\/v2\/users\/21"}],"replies":[{"embeddable":true,"href":"https:\/\/ultimato.com.br\/sites\/blogdaultimato\/wp-json\/wp\/v2\/comments?post=5163"}],"version-history":[{"count":1,"href":"https:\/\/ultimato.com.br\/sites\/blogdaultimato\/wp-json\/wp\/v2\/posts\/5163\/revisions"}],"predecessor-version":[{"id":5165,"href":"https:\/\/ultimato.com.br\/sites\/blogdaultimato\/wp-json\/wp\/v2\/posts\/5163\/revisions\/5165"}],"wp:attachment":[{"href":"https:\/\/ultimato.com.br\/sites\/blogdaultimato\/wp-json\/wp\/v2\/media?parent=5163"}],"wp:term":[{"taxonomy":"category","embeddable":true,"href":"https:\/\/ultimato.com.br\/sites\/blogdaultimato\/wp-json\/wp\/v2\/categories?post=5163"},{"taxonomy":"post_tag","embeddable":true,"href":"https:\/\/ultimato.com.br\/sites\/blogdaultimato\/wp-json\/wp\/v2\/tags?post=5163"}],"curies":[{"name":"wp","href":"https:\/\/api.w.org\/{rel}","templated":true}]}}