{"id":5130,"date":"2013-10-31T08:11:30","date_gmt":"2013-10-31T11:11:30","guid":{"rendered":"http:\/\/ultimato.com.br\/sites\/blogdaultimato\/?p=5130"},"modified":"2013-10-31T10:36:24","modified_gmt":"2013-10-31T13:36:24","slug":"ultimato-lembra-cinco-solas-da-reforma","status":"publish","type":"post","link":"https:\/\/ultimato.com.br\/sites\/blogdaultimato\/2013\/10\/31\/ultimato-lembra-cinco-solas-da-reforma\/","title":{"rendered":"Ultimato lembra cinco &#8220;solas&#8221; da Reforma"},"content":{"rendered":"<p>Hoje, 31 de outubro, \u00e9 o dia da Reforma Protestante, um importante marco hist\u00f3rico na hist\u00f3ria da Igreja e do mundo ocidental. Desde sexta-feira, a Ultimato relembra a data no <a href=\"http:\/\/ultimato.com.br\" target=\"_blank\">portal<\/a> com um topo especial, al\u00e9m de artigos e um <a href=\"http:\/\/www.ultimato.com.br\/conteudo\/a-vitoria-da-graca\" target=\"_blank\">e-book<\/a> gratuito.<\/p>\n<p>Ao longo do dia de hoje, tamb\u00e9m publicaremos no <a href=\"https:\/\/www.facebook.com\/editora.ultimato\" target=\"_blank\">Facebook<\/a> as cinco &#8220;solas&#8221; da Reforma: &#8220;Sola Gratia&#8221;, &#8220;Sola Scriptura&#8221;, &#8220;Solus Christus&#8221;, &#8220;Soli Deo Gloria&#8221; e &#8220;Sola Fide&#8221;.\u00a0Aproveite para compartilh\u00e1-las com seus amigos e contatos da rede.<\/p>\n\n\t\t<style type=\"text\/css\">\n\t\t\t#gallery-1 {\n\t\t\t\tmargin: auto;\n\t\t\t}\n\t\t\t#gallery-1 .gallery-item {\n\t\t\t\tfloat: left;\n\t\t\t\tmargin-top: 10px;\n\t\t\t\ttext-align: center;\n\t\t\t\twidth: 33%;\n\t\t\t}\n\t\t\t#gallery-1 img {\n\t\t\t\tborder: 2px solid #cfcfcf;\n\t\t\t}\n\t\t\t#gallery-1 .gallery-caption {\n\t\t\t\tmargin-left: 0;\n\t\t\t}\n\t\t\t\/* see gallery_shortcode() in wp-includes\/media.php *\/\n\t\t<\/style>\n\t\t<div id='gallery-1' class='gallery galleryid-5130 gallery-columns-3 gallery-size-thumbnail'><dl class='gallery-item'>\n\t\t\t<dt class='gallery-icon portrait'>\n\t\t\t\t<a href='https:\/\/ultimato.com.br\/sites\/blogdaultimato\/files\/2013\/10\/sola_fide.jpg#main'><img loading=\"lazy\" decoding=\"async\" width=\"150\" height=\"150\" src=\"https:\/\/ultimato.com.br\/sites\/blogdaultimato\/files\/2013\/10\/sola_fide-150x150.jpg\" class=\"attachment-thumbnail size-thumbnail\" alt=\"\" srcset=\"https:\/\/ultimato.com.br\/sites\/blogdaultimato\/files\/2013\/10\/sola_fide-150x150.jpg 150w, https:\/\/ultimato.com.br\/sites\/blogdaultimato\/files\/2013\/10\/sola_fide-80x80.jpg 80w\" sizes=\"auto, (max-width: 150px) 100vw, 150px\" \/><\/a>\n\t\t\t<\/dt><\/dl><dl class='gallery-item'>\n\t\t\t<dt class='gallery-icon portrait'>\n\t\t\t\t<a href='https:\/\/ultimato.com.br\/sites\/blogdaultimato\/files\/2013\/10\/sola_gratia.jpg#main'><img loading=\"lazy\" decoding=\"async\" width=\"150\" height=\"150\" src=\"https:\/\/ultimato.com.br\/sites\/blogdaultimato\/files\/2013\/10\/sola_gratia-150x150.jpg\" class=\"attachment-thumbnail size-thumbnail\" alt=\"\" srcset=\"https:\/\/ultimato.com.br\/sites\/blogdaultimato\/files\/2013\/10\/sola_gratia-150x150.jpg 150w, https:\/\/ultimato.com.br\/sites\/blogdaultimato\/files\/2013\/10\/sola_gratia-80x80.jpg 80w\" sizes=\"auto, (max-width: 150px) 100vw, 150px\" \/><\/a>\n\t\t\t<\/dt><\/dl><dl class='gallery-item'>\n\t\t\t<dt class='gallery-icon portrait'>\n\t\t\t\t<a href='https:\/\/ultimato.com.br\/sites\/blogdaultimato\/files\/2013\/10\/sola_scriptura.jpg#main'><img loading=\"lazy\" decoding=\"async\" width=\"150\" height=\"150\" src=\"https:\/\/ultimato.com.br\/sites\/blogdaultimato\/files\/2013\/10\/sola_scriptura-150x150.jpg\" class=\"attachment-thumbnail size-thumbnail\" alt=\"\" srcset=\"https:\/\/ultimato.com.br\/sites\/blogdaultimato\/files\/2013\/10\/sola_scriptura-150x150.jpg 150w, https:\/\/ultimato.com.br\/sites\/blogdaultimato\/files\/2013\/10\/sola_scriptura-80x80.jpg 80w\" sizes=\"auto, (max-width: 150px) 100vw, 150px\" \/><\/a>\n\t\t\t<\/dt><\/dl><br style=\"clear: both\" \/><dl class='gallery-item'>\n\t\t\t<dt class='gallery-icon portrait'>\n\t\t\t\t<a href='https:\/\/ultimato.com.br\/sites\/blogdaultimato\/files\/2013\/10\/soli_deo_gloria.jpg#main'><img loading=\"lazy\" decoding=\"async\" width=\"150\" height=\"150\" src=\"https:\/\/ultimato.com.br\/sites\/blogdaultimato\/files\/2013\/10\/soli_deo_gloria-150x150.jpg\" class=\"attachment-thumbnail size-thumbnail\" alt=\"\" srcset=\"https:\/\/ultimato.com.br\/sites\/blogdaultimato\/files\/2013\/10\/soli_deo_gloria-150x150.jpg 150w, https:\/\/ultimato.com.br\/sites\/blogdaultimato\/files\/2013\/10\/soli_deo_gloria-80x80.jpg 80w\" sizes=\"auto, (max-width: 150px) 100vw, 150px\" \/><\/a>\n\t\t\t<\/dt><\/dl><dl class='gallery-item'>\n\t\t\t<dt class='gallery-icon portrait'>\n\t\t\t\t<a href='https:\/\/ultimato.com.br\/sites\/blogdaultimato\/files\/2013\/10\/solus_christus.jpg#main'><img loading=\"lazy\" decoding=\"async\" width=\"150\" height=\"150\" src=\"https:\/\/ultimato.com.br\/sites\/blogdaultimato\/files\/2013\/10\/solus_christus-150x150.jpg\" class=\"attachment-thumbnail size-thumbnail\" alt=\"\" srcset=\"https:\/\/ultimato.com.br\/sites\/blogdaultimato\/files\/2013\/10\/solus_christus-150x150.jpg 150w, https:\/\/ultimato.com.br\/sites\/blogdaultimato\/files\/2013\/10\/solus_christus-80x80.jpg 80w\" sizes=\"auto, (max-width: 150px) 100vw, 150px\" \/><\/a>\n\t\t\t<\/dt><\/dl>\n\t\t\t<br style='clear: both' \/>\n\t\t<\/div>\n\n","protected":false},"excerpt":{"rendered":"<p>Hoje, 31 de outubro, \u00e9 o dia da Reforma Protestante, um importante marco hist\u00f3rico na hist\u00f3ria da Igreja e do mundo ocidental. Desde sexta-feira, a Ultimato relembra a data no portal com um topo especial, al\u00e9m de artigos e um e-book gratuito.<br \/>\nAo longo do dia de hoje, tamb\u00e9m publicaremos no Facebook as cinco &#8220;solas&#8221; da [&#8230;]<\/p>\n","protected":false},"author":21,"featured_media":0,"comment_status":"open","ping_status":"open","sticky":false,"template":"","format":"standard","meta":{"ngg_post_thumbnail":0,"footnotes":""},"categories":[9536,9538],"tags":[5936],"class_list":["post-5130","post","type-post","status-publish","format-standard","hentry","category-do-editor","category-fotos-multimidia","tag-reforma-protestante"],"_links":{"self":[{"href":"https:\/\/ultimato.com.br\/sites\/blogdaultimato\/wp-json\/wp\/v2\/posts\/5130","targetHints":{"allow":["GET"]}}],"collection":[{"href":"https:\/\/ultimato.com.br\/sites\/blogdaultimato\/wp-json\/wp\/v2\/posts"}],"about":[{"href":"https:\/\/ultimato.com.br\/sites\/blogdaultimato\/wp-json\/wp\/v2\/types\/post"}],"author":[{"embeddable":true,"href":"https:\/\/ultimato.com.br\/sites\/blogdaultimato\/wp-json\/wp\/v2\/users\/21"}],"replies":[{"embeddable":true,"href":"https:\/\/ultimato.com.br\/sites\/blogdaultimato\/wp-json\/wp\/v2\/comments?post=5130"}],"version-history":[{"count":3,"href":"https:\/\/ultimato.com.br\/sites\/blogdaultimato\/wp-json\/wp\/v2\/posts\/5130\/revisions"}],"predecessor-version":[{"id":5138,"href":"https:\/\/ultimato.com.br\/sites\/blogdaultimato\/wp-json\/wp\/v2\/posts\/5130\/revisions\/5138"}],"wp:attachment":[{"href":"https:\/\/ultimato.com.br\/sites\/blogdaultimato\/wp-json\/wp\/v2\/media?parent=5130"}],"wp:term":[{"taxonomy":"category","embeddable":true,"href":"https:\/\/ultimato.com.br\/sites\/blogdaultimato\/wp-json\/wp\/v2\/categories?post=5130"},{"taxonomy":"post_tag","embeddable":true,"href":"https:\/\/ultimato.com.br\/sites\/blogdaultimato\/wp-json\/wp\/v2\/tags?post=5130"}],"curies":[{"name":"wp","href":"https:\/\/api.w.org\/{rel}","templated":true}]}}