{"id":5045,"date":"2013-10-09T15:20:52","date_gmt":"2013-10-09T18:20:52","guid":{"rendered":"http:\/\/ultimato.com.br\/sites\/blogdaultimato\/?p=5045"},"modified":"2013-10-09T15:24:04","modified_gmt":"2013-10-09T18:24:04","slug":"cafe-ultimato-com-missionarios-e-programadores","status":"publish","type":"post","link":"https:\/\/ultimato.com.br\/sites\/blogdaultimato\/2013\/10\/09\/cafe-ultimato-com-missionarios-e-programadores\/","title":{"rendered":"Caf\u00e9 Ultimato: com mission\u00e1rios e programadores"},"content":{"rendered":"<p>Visitas sempre nos alegram. Recentemente recebemos duas: o animado grupo de mission\u00e1rios do <a href=\"http:\/\/www.bandasaldaterra.com.br\/\" target=\"_blank\">Minist\u00e9rio Sal da Terra<\/a> e o ex-estagi\u00e1rio da Ultimato e autor das tirinhas \u201cVida de Programador\u201d, Andr\u00e9 Noel.<\/p>\n<p>Se o pessoal do Sal da Terra nos lembrou das necessidades urgentes do Nordeste, como uma seca que j\u00e1 dura mais de tr\u00eas anos, Andr\u00e9 Noel nos deu preciosas dicas de como trabalhar com o p\u00fablico da internet, em especial, das redes sociais.<\/p>\n<p>Bill Crente, do Sal da Terra, contou hist\u00f3rias e explicou como funciona o trabalho do Minist\u00e9rio. Convidou a turma da Ultimato para participar do P\u00c9S <a href=\"http:\/\/www.bandasaldaterra.com.br\/p\/blog-page_3633.html\" target=\"_blank\">(Programa de Evangeliza\u00e7\u00e3o no Sert\u00e3o)<\/a> que acontece sempre nas f\u00e9rias de janeiro e julho. Sem d\u00favida, uma \u00f3tima oportunidade de servir ao Senhor de forma direta e concreta.<\/p>\n\n\t\t<style type=\"text\/css\">\n\t\t\t#gallery-1 {\n\t\t\t\tmargin: auto;\n\t\t\t}\n\t\t\t#gallery-1 .gallery-item {\n\t\t\t\tfloat: left;\n\t\t\t\tmargin-top: 10px;\n\t\t\t\ttext-align: center;\n\t\t\t\twidth: 33%;\n\t\t\t}\n\t\t\t#gallery-1 img {\n\t\t\t\tborder: 2px solid #cfcfcf;\n\t\t\t}\n\t\t\t#gallery-1 .gallery-caption {\n\t\t\t\tmargin-left: 0;\n\t\t\t}\n\t\t\t\/* see gallery_shortcode() in wp-includes\/media.php *\/\n\t\t<\/style>\n\t\t<div id='gallery-1' class='gallery galleryid-5045 gallery-columns-3 gallery-size-thumbnail'><dl class='gallery-item'>\n\t\t\t<dt class='gallery-icon landscape'>\n\t\t\t\t<a href='https:\/\/ultimato.com.br\/sites\/blogdaultimato\/files\/2013\/10\/p10_09_10_13_sal_terra.jpg#main'><img loading=\"lazy\" decoding=\"async\" width=\"150\" height=\"150\" src=\"https:\/\/ultimato.com.br\/sites\/blogdaultimato\/files\/2013\/10\/p10_09_10_13_sal_terra-150x150.jpg\" class=\"attachment-thumbnail size-thumbnail\" alt=\"\" aria-describedby=\"gallery-1-5046\" srcset=\"https:\/\/ultimato.com.br\/sites\/blogdaultimato\/files\/2013\/10\/p10_09_10_13_sal_terra-150x150.jpg 150w, https:\/\/ultimato.com.br\/sites\/blogdaultimato\/files\/2013\/10\/p10_09_10_13_sal_terra-80x80.jpg 80w\" sizes=\"auto, (max-width: 150px) 100vw, 150px\" \/><\/a>\n\t\t\t<\/dt>\n\t\t\t\t<dd class='wp-caption-text gallery-caption' id='gallery-1-5046'>\n\t\t\t\tTurma do Sal da Terra (no fundo a  cruz vazada no quintal da Ultimato)\n\t\t\t\t<\/dd><\/dl><dl class='gallery-item'>\n\t\t\t<dt class='gallery-icon landscape'>\n\t\t\t\t<a href='https:\/\/ultimato.com.br\/sites\/blogdaultimato\/files\/2013\/10\/p10_09_10_13_sal_terra2.jpg#main'><img loading=\"lazy\" decoding=\"async\" width=\"150\" height=\"150\" src=\"https:\/\/ultimato.com.br\/sites\/blogdaultimato\/files\/2013\/10\/p10_09_10_13_sal_terra2-150x150.jpg\" class=\"attachment-thumbnail size-thumbnail\" alt=\"\" aria-describedby=\"gallery-1-5047\" srcset=\"https:\/\/ultimato.com.br\/sites\/blogdaultimato\/files\/2013\/10\/p10_09_10_13_sal_terra2-150x150.jpg 150w, https:\/\/ultimato.com.br\/sites\/blogdaultimato\/files\/2013\/10\/p10_09_10_13_sal_terra2-80x80.jpg 80w\" sizes=\"auto, (max-width: 150px) 100vw, 150px\" \/><\/a>\n\t\t\t<\/dt>\n\t\t\t\t<dd class='wp-caption-text gallery-caption' id='gallery-1-5047'>\n\t\t\t\tA diretora da Ultimato, Kl\u00eania Fassoni (\u00e0 esq), Bill Crente e sua esposa \n\t\t\t\t<\/dd><\/dl>\n\t\t\t<br style='clear: both' \/>\n\t\t<\/div>\n\n<p>J\u00e1 Andr\u00e9 Noel, entre uma piadinha e outra, mostrou como tem obtido sucesso com seu blog <a href=\"http:\/\/vidadeprogramador.com.br\/\" target=\"_blank\">Vida de Programador<\/a>. A p\u00e1gina publica tirinhas que mostram situa\u00e7\u00f5es engra\u00e7adas e penosas no dia-a-dia de um programador (profissional que faz programa\u00e7\u00e3o de computadores e desenvolve software). O personagem de Andr\u00e9 faz sucesso na internet e j\u00e1 conta com quase 130 mil \u201cseguidores\u201d no Facebook.<\/p>\n<p><a href=\"http:\/\/ultimato.com.br\/sites\/blogdaultimato\/files\/2013\/10\/Andre_Noel_tirinha1079.jpg\" class=\"lightview\" data-lightview-group=\"group-5045\" data-lightview-options=\"skin: 'dark', controls: 'relative', padding: '10', shadow: { color: '#000000', opacity: 0.08, blur: 3 }\"><img loading=\"lazy\" decoding=\"async\" class=\"alignleft size-full wp-image-5048\" alt=\"Andre_Noel_tirinha1079\" src=\"http:\/\/ultimato.com.br\/sites\/blogdaultimato\/files\/2013\/10\/Andre_Noel_tirinha1079.jpg\" width=\"510\" height=\"510\" srcset=\"https:\/\/ultimato.com.br\/sites\/blogdaultimato\/files\/2013\/10\/Andre_Noel_tirinha1079.jpg 510w, https:\/\/ultimato.com.br\/sites\/blogdaultimato\/files\/2013\/10\/Andre_Noel_tirinha1079-150x150.jpg 150w, https:\/\/ultimato.com.br\/sites\/blogdaultimato\/files\/2013\/10\/Andre_Noel_tirinha1079-300x300.jpg 300w, https:\/\/ultimato.com.br\/sites\/blogdaultimato\/files\/2013\/10\/Andre_Noel_tirinha1079-80x80.jpg 80w\" sizes=\"auto, (max-width: 510px) 100vw, 510px\" \/><\/a><\/p>\n","protected":false},"excerpt":{"rendered":"<p>Visitas sempre nos alegram. Recentemente recebemos duas: o animado grupo de mission\u00e1rios do Minist\u00e9rio Sal da Terra e o ex-estagi\u00e1rio da Ultimato e autor das tirinhas \u201cVida de Programador\u201d, Andr\u00e9 Noel.<br \/>\nSe o pessoal do Sal da Terra nos lembrou das necessidades urgentes do Nordeste, como uma seca que j\u00e1 dura mais de tr\u00eas anos, Andr\u00e9 [&#8230;]<\/p>\n","protected":false},"author":21,"featured_media":0,"comment_status":"open","ping_status":"open","sticky":false,"template":"","format":"standard","meta":{"ngg_post_thumbnail":0,"footnotes":""},"categories":[16246],"tags":[],"class_list":["post-5045","post","type-post","status-publish","format-standard","hentry","category-cafe-ultimato"],"_links":{"self":[{"href":"https:\/\/ultimato.com.br\/sites\/blogdaultimato\/wp-json\/wp\/v2\/posts\/5045","targetHints":{"allow":["GET"]}}],"collection":[{"href":"https:\/\/ultimato.com.br\/sites\/blogdaultimato\/wp-json\/wp\/v2\/posts"}],"about":[{"href":"https:\/\/ultimato.com.br\/sites\/blogdaultimato\/wp-json\/wp\/v2\/types\/post"}],"author":[{"embeddable":true,"href":"https:\/\/ultimato.com.br\/sites\/blogdaultimato\/wp-json\/wp\/v2\/users\/21"}],"replies":[{"embeddable":true,"href":"https:\/\/ultimato.com.br\/sites\/blogdaultimato\/wp-json\/wp\/v2\/comments?post=5045"}],"version-history":[{"count":2,"href":"https:\/\/ultimato.com.br\/sites\/blogdaultimato\/wp-json\/wp\/v2\/posts\/5045\/revisions"}],"predecessor-version":[{"id":5050,"href":"https:\/\/ultimato.com.br\/sites\/blogdaultimato\/wp-json\/wp\/v2\/posts\/5045\/revisions\/5050"}],"wp:attachment":[{"href":"https:\/\/ultimato.com.br\/sites\/blogdaultimato\/wp-json\/wp\/v2\/media?parent=5045"}],"wp:term":[{"taxonomy":"category","embeddable":true,"href":"https:\/\/ultimato.com.br\/sites\/blogdaultimato\/wp-json\/wp\/v2\/categories?post=5045"},{"taxonomy":"post_tag","embeddable":true,"href":"https:\/\/ultimato.com.br\/sites\/blogdaultimato\/wp-json\/wp\/v2\/tags?post=5045"}],"curies":[{"name":"wp","href":"https:\/\/api.w.org\/{rel}","templated":true}]}}