{"id":4882,"date":"2013-08-20T09:26:13","date_gmt":"2013-08-20T12:26:13","guid":{"rendered":"http:\/\/ultimato.com.br\/sites\/blogdaultimato\/?p=4882"},"modified":"2013-08-21T09:28:55","modified_gmt":"2013-08-21T12:28:55","slug":"as-muitas-faces-do-portal-ultimato","status":"publish","type":"post","link":"https:\/\/ultimato.com.br\/sites\/blogdaultimato\/2013\/08\/20\/as-muitas-faces-do-portal-ultimato\/","title":{"rendered":"As muitas faces do portal Ultimato"},"content":{"rendered":"<p>O Portal Ultimato comemora 15 anos. De l\u00e1 para c\u00e1, muita coisa mudou no universo da internet. O formato do conte\u00fado e a experi\u00eancia da leitura n\u00e3o s\u00e3o mais os mesmos. Mas \u00e9 no design que fica mais f\u00e1cil perceber estas transforma\u00e7\u00f5es. Fa\u00e7a uma &#8220;viagem no tempo&#8221; conosco e veja como mudou a &#8220;face&#8221; do portal Ultimato.<\/p>\nngg_shortcode_0_placeholder\n","protected":false},"excerpt":{"rendered":"<p>O Portal Ultimato comemora 15 anos. De l\u00e1 para c\u00e1, muita coisa mudou no universo da internet. O formato do conte\u00fado e a experi\u00eancia da leitura n\u00e3o s\u00e3o mais os mesmos. Mas \u00e9 no design que fica mais f\u00e1cil perceber estas transforma\u00e7\u00f5es. Fa\u00e7a uma &#8220;viagem no tempo&#8221; conosco e veja como mudou a &#8220;face&#8221; do [&#8230;]<\/p>\n","protected":false},"author":21,"featured_media":0,"comment_status":"open","ping_status":"open","sticky":false,"template":"","format":"standard","meta":{"ngg_post_thumbnail":0,"footnotes":""},"categories":[5153,6111],"tags":[],"class_list":["post-4882","post","type-post","status-publish","format-standard","hentry","category-prateleira","category-ultimas-de-ca"],"_links":{"self":[{"href":"https:\/\/ultimato.com.br\/sites\/blogdaultimato\/wp-json\/wp\/v2\/posts\/4882","targetHints":{"allow":["GET"]}}],"collection":[{"href":"https:\/\/ultimato.com.br\/sites\/blogdaultimato\/wp-json\/wp\/v2\/posts"}],"about":[{"href":"https:\/\/ultimato.com.br\/sites\/blogdaultimato\/wp-json\/wp\/v2\/types\/post"}],"author":[{"embeddable":true,"href":"https:\/\/ultimato.com.br\/sites\/blogdaultimato\/wp-json\/wp\/v2\/users\/21"}],"replies":[{"embeddable":true,"href":"https:\/\/ultimato.com.br\/sites\/blogdaultimato\/wp-json\/wp\/v2\/comments?post=4882"}],"version-history":[{"count":5,"href":"https:\/\/ultimato.com.br\/sites\/blogdaultimato\/wp-json\/wp\/v2\/posts\/4882\/revisions"}],"predecessor-version":[{"id":4910,"href":"https:\/\/ultimato.com.br\/sites\/blogdaultimato\/wp-json\/wp\/v2\/posts\/4882\/revisions\/4910"}],"wp:attachment":[{"href":"https:\/\/ultimato.com.br\/sites\/blogdaultimato\/wp-json\/wp\/v2\/media?parent=4882"}],"wp:term":[{"taxonomy":"category","embeddable":true,"href":"https:\/\/ultimato.com.br\/sites\/blogdaultimato\/wp-json\/wp\/v2\/categories?post=4882"},{"taxonomy":"post_tag","embeddable":true,"href":"https:\/\/ultimato.com.br\/sites\/blogdaultimato\/wp-json\/wp\/v2\/tags?post=4882"}],"curies":[{"name":"wp","href":"https:\/\/api.w.org\/{rel}","templated":true}]}}