{"id":4700,"date":"2013-06-14T11:33:09","date_gmt":"2013-06-14T14:33:09","guid":{"rendered":"http:\/\/ultimato.com.br\/sites\/blogdaultimato\/?p=4700"},"modified":"2013-06-14T11:34:09","modified_gmt":"2013-06-14T14:34:09","slug":"francis-collins-c-s-lewis-e-a-linguagem-de-deus","status":"publish","type":"post","link":"https:\/\/ultimato.com.br\/sites\/blogdaultimato\/2013\/06\/14\/francis-collins-c-s-lewis-e-a-linguagem-de-deus\/","title":{"rendered":"Francis Collins, C. S. Lewis e \u201cA Linguagem de Deus\u201d"},"content":{"rendered":"<p><a href=\"http:\/\/ultimato.com.br\/sites\/blogdaultimato\/files\/2013\/06\/BlogUlt_14_06_13_Homem_lendo.jpg\" class=\"lightview\" data-lightview-group=\"group-4700\" data-lightview-options=\"skin: 'dark', controls: 'relative', padding: '10', shadow: { color: '#000000', opacity: 0.08, blur: 3 }\"><img loading=\"lazy\" decoding=\"async\" class=\"alignright size-full wp-image-4701\" alt=\"BlogUlt_14_06_13_Homem_lendo\" src=\"http:\/\/ultimato.com.br\/sites\/blogdaultimato\/files\/2013\/06\/BlogUlt_14_06_13_Homem_lendo.jpg\" width=\"224\" height=\"300\" srcset=\"https:\/\/ultimato.com.br\/sites\/blogdaultimato\/files\/2013\/06\/BlogUlt_14_06_13_Homem_lendo.jpg 224w, https:\/\/ultimato.com.br\/sites\/blogdaultimato\/files\/2013\/06\/BlogUlt_14_06_13_Homem_lendo-112x150.jpg 112w\" sizes=\"auto, (max-width: 224px) 100vw, 224px\" \/><\/a>O best-seller \u201cA Linguagem de Deus\u201d \u00e9 melhor compreendido quando lemos o primeiro cap\u00edtulo de <a href=\"http:\/\/ultimato.com.br\/sites\/o-teste-da-fe\/\">O Teste da F\u00e9<\/a>, do mesmo autor, Francis Collins. N\u00e3o \u00e9 por outra raz\u00e3o que \u201cAprendendo a linguagem de Deus\u201d \u00e9 o t\u00edtulo do cap\u00edtulo que abre o lan\u00e7amento de junho da Editora Ultimato.<\/p>\n<p>Para o ex-diretor do Instituto Nacional de Pesquisa do Genoma Humano (EUA), \u201ca descoberta de novas experi\u00eancias\u201d e o \u201caprendizado\u201d estavam entre as coisas mais emocionantes da vida. No entanto, a certa altura, reconheceu viver uma contradi\u00e7\u00e3o: \u201cSe h\u00e1 uma coisa que os cientistas alegam, \u00e9 que chegam \u00e0s suas conclus\u00f5es com base em evid\u00eancias e eu estava bastante seguro de que n\u00e3o havia evid\u00eancia para Deus, mas precisei admitir que n\u00e3o sabia\u201d.<\/p>\n<p>Ao ler o velho e bom <a href=\"http:\/\/www.ultimato.com.br\/loja\/produtos\/um-ano-com-c-s-lewis\">C. S. Lewis<\/a>, Collins percebia \u201cpela primeira vez, que algu\u00e9m pode vir a crer com uma base racional e que o ate\u00edsmo era provavelmente a menos racional de todas as escolhas\u201d.<\/p>\n<p>Como que \u201cencurralado\u201d, Collins vai montando um quebra-cabe\u00e7a pessoal: \u201cO argumento de Lewis sobre a lei moral, que seria o conhecimento do que \u00e9 certo e do que \u00e9 errado \u2013 o qual nos distingue de todas as outras esp\u00e9cies \u2013 foi o que considerei mais convincente at\u00e9 hoje. [&#8230;] Essa parte do argumento levou-me a reconhecer que, se Deus existe, ent\u00e3o ele se preocupa com as pessoas\u201d. Ele continua: \u201cComecei a entender que talvez Deus estivesse me chamando por meio de uma linguagem com a qual eu vivera toda a minha vida sem apreciar sua fonte\u201d.<!--more--><\/p>\n<p>Bem, a hist\u00f3ria inteira e tamb\u00e9m outras nove est\u00e3o em <a href=\"http:\/\/ultimato.com.br\/sites\/o-teste-da-fe\/\">O Teste da F\u00e9<\/a>, que carrega um subt\u00edtulo bastante apropriado: \u201cOs cientistas tamb\u00e9m creem\u201d.<\/p>\n<p>Claro, nesses tempos em que ate\u00edsmo \u00e9 moda, \u00e9 preciso reconhecer, como o pr\u00f3prio Collins, que \u201cn\u00e3o \u00e9 f\u00e1cil para um cientista falar sobre isso. Em c\u00edrculos acad\u00eamicos, h\u00e1 um certo tabu quanto a conversas sobre f\u00e9 e, sendo assim, o tema esvaziaria um audit\u00f3rio mais rapidamente que qualquer outro que eu conhe\u00e7o. Acredita-se que isso n\u00e3o \u00e9 assunto da ci\u00eancia e que deveria ser deixado para conversas em casa ou na igreja. Eu compreendo as raz\u00f5es desse desconforto, mas considero uma infelicidade que essa vis\u00e3o tenha levado tanta gente a acreditar que ci\u00eancia e f\u00e9 s\u00e3o incompat\u00edveis\u201d.<\/p>\n<p>&nbsp;<\/p>\n","protected":false},"excerpt":{"rendered":"<p>O best-seller \u201cA Linguagem de Deus\u201d \u00e9 melhor compreendido quando lemos o primeiro cap\u00edtulo de O Teste da F\u00e9, do mesmo autor, Francis Collins. N\u00e3o \u00e9 por outra raz\u00e3o que \u201cAprendendo a linguagem de Deus\u201d \u00e9 o t\u00edtulo do cap\u00edtulo que abre o lan\u00e7amento de junho da Editora Ultimato.<br \/>\nPara o ex-diretor do Instituto Nacional de [&#8230;]<\/p>\n","protected":false},"author":21,"featured_media":0,"comment_status":"open","ping_status":"open","sticky":false,"template":"","format":"standard","meta":{"ngg_post_thumbnail":0,"footnotes":""},"categories":[9536,5153],"tags":[16243,5304,5357,16242,16244,136,9555,16241,15602],"class_list":["post-4700","post","type-post","status-publish","format-standard","hentry","category-do-editor","category-prateleira","tag-a-linguagem-de-deus","tag-c-s-lewis","tag-ciencia","tag-cientistas","tag-francis-collins","tag-livros","tag-livros-da-ultimato","tag-o-teste-da-fe","tag-razao"],"_links":{"self":[{"href":"https:\/\/ultimato.com.br\/sites\/blogdaultimato\/wp-json\/wp\/v2\/posts\/4700","targetHints":{"allow":["GET"]}}],"collection":[{"href":"https:\/\/ultimato.com.br\/sites\/blogdaultimato\/wp-json\/wp\/v2\/posts"}],"about":[{"href":"https:\/\/ultimato.com.br\/sites\/blogdaultimato\/wp-json\/wp\/v2\/types\/post"}],"author":[{"embeddable":true,"href":"https:\/\/ultimato.com.br\/sites\/blogdaultimato\/wp-json\/wp\/v2\/users\/21"}],"replies":[{"embeddable":true,"href":"https:\/\/ultimato.com.br\/sites\/blogdaultimato\/wp-json\/wp\/v2\/comments?post=4700"}],"version-history":[{"count":2,"href":"https:\/\/ultimato.com.br\/sites\/blogdaultimato\/wp-json\/wp\/v2\/posts\/4700\/revisions"}],"predecessor-version":[{"id":4703,"href":"https:\/\/ultimato.com.br\/sites\/blogdaultimato\/wp-json\/wp\/v2\/posts\/4700\/revisions\/4703"}],"wp:attachment":[{"href":"https:\/\/ultimato.com.br\/sites\/blogdaultimato\/wp-json\/wp\/v2\/media?parent=4700"}],"wp:term":[{"taxonomy":"category","embeddable":true,"href":"https:\/\/ultimato.com.br\/sites\/blogdaultimato\/wp-json\/wp\/v2\/categories?post=4700"},{"taxonomy":"post_tag","embeddable":true,"href":"https:\/\/ultimato.com.br\/sites\/blogdaultimato\/wp-json\/wp\/v2\/tags?post=4700"}],"curies":[{"name":"wp","href":"https:\/\/api.w.org\/{rel}","templated":true}]}}