{"id":4600,"date":"2013-04-24T11:53:38","date_gmt":"2013-04-24T14:53:38","guid":{"rendered":"http:\/\/ultimato.com.br\/sites\/blogdaultimato\/?p=4600"},"modified":"2013-04-24T14:04:09","modified_gmt":"2013-04-24T17:04:09","slug":"o-desenhista-do-ze-carioca-no-ultimas","status":"publish","type":"post","link":"https:\/\/ultimato.com.br\/sites\/blogdaultimato\/2013\/04\/24\/o-desenhista-do-ze-carioca-no-ultimas\/","title":{"rendered":"O desenhista do Z\u00e9 Carioca no \u00daltimas"},"content":{"rendered":"<div id=\"attachment_4609\" style=\"width: 625px\" class=\"wp-caption alignleft\"><img loading=\"lazy\" decoding=\"async\" aria-describedby=\"caption-attachment-4609\" class=\"size-full wp-image-4609\" alt=\"Z\u00e9 Carioca em painel da HQ &quot;Churrasco Bom Pra Cachorro&quot;, de Renato Canini\" src=\"http:\/\/ultimato.com.br\/sites\/blogdaultimato\/files\/2013\/04\/ze_carioca_canini.jpg\" width=\"615\" height=\"470\" srcset=\"https:\/\/ultimato.com.br\/sites\/blogdaultimato\/files\/2013\/04\/ze_carioca_canini.jpg 615w, https:\/\/ultimato.com.br\/sites\/blogdaultimato\/files\/2013\/04\/ze_carioca_canini-300x229.jpg 300w, https:\/\/ultimato.com.br\/sites\/blogdaultimato\/files\/2013\/04\/ze_carioca_canini-150x114.jpg 150w\" sizes=\"auto, (max-width: 615px) 100vw, 615px\" \/><p id=\"caption-attachment-4609\" class=\"wp-caption-text\">Z\u00e9 Carioca em painel da HQ &#8220;Churrasco Bom Pra Cachorro&#8221;, de Renato Canini<\/p><\/div>\n<p>&nbsp;<\/p>\n<p><!--more-->Os tra\u00e7os bem-humorados das tirinhas de\u00a0<a href=\"http:\/\/entretenimento.uol.com.br\/noticias\/redacao\/2013\/03\/20\/ze-carioca-em-painel-da-hq-churrasco-bom-pra-cachorro-de-renato-canini.htm\" target=\"_blank\">Renato Canini<\/a>\u00a0trazem o olhar de um desenhista e ilustrador de m\u00e3o cheia, e de um crist\u00e3o de cora\u00e7\u00e3o aberto ao Evangelho de Jesus. Ele, que ficou famoso por abrasileirar e impulsionar as hist\u00f3rias do personagem da Disney, Z\u00e9 Carioca.<\/p>\n<p>Mas n\u00e3o para por a\u00ed. Canini publicou livros como &#8220;Cad\u00ea a gra\u00e7a que tava aqui?&#8221; e &#8220;Dr. FrAud&#8221;. E, para quem n\u00e3o sabe, a Ultimato j\u00e1 publicou (em 1997) um livro infantil do artista, em parceria com Silvana Pinheiro: &#8220;De bichos pequenos e grandes&#8221;, j\u00e1 esgotado h\u00e1 muito tempo. Veja a capa a seguir.<\/p>\n<p><a href=\"http:\/\/ultimato.com.br\/sites\/blogdaultimato\/files\/2013\/03\/De_bichos_peq_grandes_capa.jpeg\" class=\"lightview\" data-lightview-group=\"group-4600\" data-lightview-options=\"skin: 'dark', controls: 'relative', padding: '10', shadow: { color: '#000000', opacity: 0.08, blur: 3 }\"><img loading=\"lazy\" decoding=\"async\" class=\"alignleft size-full wp-image-4605\" alt=\"De_bichos_peq_grandes_capa\" src=\"http:\/\/ultimato.com.br\/sites\/blogdaultimato\/files\/2013\/03\/De_bichos_peq_grandes_capa.jpeg\" width=\"298\" height=\"284\" srcset=\"https:\/\/ultimato.com.br\/sites\/blogdaultimato\/files\/2013\/03\/De_bichos_peq_grandes_capa.jpeg 298w, https:\/\/ultimato.com.br\/sites\/blogdaultimato\/files\/2013\/03\/De_bichos_peq_grandes_capa-150x142.jpeg 150w\" sizes=\"auto, (max-width: 298px) 100vw, 298px\" \/><\/a><\/p>\n<p>&nbsp;<\/p>\n<p>&nbsp;<\/p>\n<p>&nbsp;<\/p>\n<p>&nbsp;<\/p>\n<p>&nbsp;<\/p>\n<p>&nbsp;<\/p>\n<p>&nbsp;<\/p>\n<p>&nbsp;<\/p>\n<p>&nbsp;<\/p>\n<p>&nbsp;<\/p>\n<p>&nbsp;<\/p>\n<p>&nbsp;<\/p>\n<p>Canini lan\u00e7ou no final de 2012 o livro &#8220;Pago para ver&#8221;, uma colet\u00e2nea de desenhos retratando ga\u00fachos em sua lida, o pampa, cavalos, vacas e todo o universo que o cerca desde menino. Como disse o <a href=\"http:\/\/blogdoorlando.blogosfera.uol.com.br\/2013\/03\/20\/renato-canini-conhecido-como-pai-brasileiro-do-ze-carioca-lanca-pago-pra-ver\/\" target=\"_blank\">blog do Orlando<\/a>, &#8220;o livro, primoroso, teve organiza\u00e7\u00e3o de Fraga, Rodrigo Rosa, Fabio Zimbres e texto de contra capa de Luis Fernando Ver\u00edssimo&#8221;.<\/p>\n<p><a href=\"http:\/\/ultimato.com.br\/sites\/blogdaultimato\/files\/2013\/04\/Capa-Canini.jpg\" class=\"lightview\" data-lightview-group=\"group-4600\" data-lightview-options=\"skin: 'dark', controls: 'relative', padding: '10', shadow: { color: '#000000', opacity: 0.08, blur: 3 }\"><img loading=\"lazy\" decoding=\"async\" class=\"alignleft size-full wp-image-4612\" alt=\"Capa-Canini\" src=\"http:\/\/ultimato.com.br\/sites\/blogdaultimato\/files\/2013\/04\/Capa-Canini.jpg\" width=\"306\" height=\"225\" srcset=\"https:\/\/ultimato.com.br\/sites\/blogdaultimato\/files\/2013\/04\/Capa-Canini.jpg 306w, https:\/\/ultimato.com.br\/sites\/blogdaultimato\/files\/2013\/04\/Capa-Canini-300x220.jpg 300w, https:\/\/ultimato.com.br\/sites\/blogdaultimato\/files\/2013\/04\/Capa-Canini-150x110.jpg 150w\" sizes=\"auto, (max-width: 306px) 100vw, 306px\" \/><\/a><\/p>\n<p>&nbsp;<\/p>\n<p>&nbsp;<\/p>\n<p>&nbsp;<\/p>\n<p>&nbsp;<\/p>\n<p>&nbsp;<\/p>\n<p>&nbsp;<\/p>\n<p>&nbsp;<\/p>\n<p>&nbsp;<\/p>\n<p>&nbsp;<\/p>\n<p>Voc\u00ea pode conhecer algumas das tirinhas e do bom-humor do Canini nas edi\u00e7\u00f5es do boletim semanal <strong>\u00daltimas<\/strong>. Se gosta de ironia, voc\u00ea n\u00e3o perde por esperar.<\/p>\n","protected":false},"excerpt":{"rendered":"<p>&nbsp;<\/p>\n","protected":false},"author":21,"featured_media":0,"comment_status":"open","ping_status":"open","sticky":false,"template":"","format":"standard","meta":{"ngg_post_thumbnail":0,"footnotes":""},"categories":[9536,9538],"tags":[],"class_list":["post-4600","post","type-post","status-publish","format-standard","hentry","category-do-editor","category-fotos-multimidia"],"_links":{"self":[{"href":"https:\/\/ultimato.com.br\/sites\/blogdaultimato\/wp-json\/wp\/v2\/posts\/4600","targetHints":{"allow":["GET"]}}],"collection":[{"href":"https:\/\/ultimato.com.br\/sites\/blogdaultimato\/wp-json\/wp\/v2\/posts"}],"about":[{"href":"https:\/\/ultimato.com.br\/sites\/blogdaultimato\/wp-json\/wp\/v2\/types\/post"}],"author":[{"embeddable":true,"href":"https:\/\/ultimato.com.br\/sites\/blogdaultimato\/wp-json\/wp\/v2\/users\/21"}],"replies":[{"embeddable":true,"href":"https:\/\/ultimato.com.br\/sites\/blogdaultimato\/wp-json\/wp\/v2\/comments?post=4600"}],"version-history":[{"count":12,"href":"https:\/\/ultimato.com.br\/sites\/blogdaultimato\/wp-json\/wp\/v2\/posts\/4600\/revisions"}],"predecessor-version":[{"id":4615,"href":"https:\/\/ultimato.com.br\/sites\/blogdaultimato\/wp-json\/wp\/v2\/posts\/4600\/revisions\/4615"}],"wp:attachment":[{"href":"https:\/\/ultimato.com.br\/sites\/blogdaultimato\/wp-json\/wp\/v2\/media?parent=4600"}],"wp:term":[{"taxonomy":"category","embeddable":true,"href":"https:\/\/ultimato.com.br\/sites\/blogdaultimato\/wp-json\/wp\/v2\/categories?post=4600"},{"taxonomy":"post_tag","embeddable":true,"href":"https:\/\/ultimato.com.br\/sites\/blogdaultimato\/wp-json\/wp\/v2\/tags?post=4600"}],"curies":[{"name":"wp","href":"https:\/\/api.w.org\/{rel}","templated":true}]}}