{"id":4499,"date":"2013-03-22T13:57:59","date_gmt":"2013-03-22T16:57:59","guid":{"rendered":"http:\/\/ultimato.com.br\/sites\/blogdaultimato\/?p=4499"},"modified":"2013-03-22T14:08:41","modified_gmt":"2013-03-22T17:08:41","slug":"cafe-pao-e-rapadura","status":"publish","type":"post","link":"https:\/\/ultimato.com.br\/sites\/blogdaultimato\/2013\/03\/22\/cafe-pao-e-rapadura\/","title":{"rendered":"Caf\u00e9, p\u00e3o e rapadura"},"content":{"rendered":"<p>&#8220;Rapadura \u00e9 doce, mas n\u00e3o \u00e9 mole n\u00e3o\u201d. Este bem-humorado ditado popular \u00e9 frequentemente lembrado no dia-a-dia de <strong>Ultimato<\/strong>, porque ele traduz bem a mistura de lutas e vit\u00f3rias na nossa caminhada. Com a gra\u00e7a de Deus \u2013 e uma boa dose de caf\u00e9 com p\u00e3o \u2013 a Equipe Ultimato enfrenta a labuta di\u00e1ria.<\/p>\n<p>Como temos feito h\u00e1 algum tempo, nesta semana inauguramos o nosso Memorial do ano que passou. Ele traz, junto com o ditado, as fotos dos colaboradores e estagi\u00e1rios da editora. Neste dia, al\u00e9m do caf\u00e9 e p\u00e3o, n\u00e3o poderia faltar um ingrediente essencial: a rapadura.\u00a0Veja abaixo:<!--more--><\/p>\n<p><a href=\"http:\/\/ultimato.com.br\/sites\/blogdaultimato\/files\/2013\/03\/memorial2012.jpg\" class=\"lightview\" data-lightview-group=\"group-4499\" data-lightview-options=\"skin: 'dark', controls: 'relative', padding: '10', shadow: { color: '#000000', opacity: 0.08, blur: 3 }\"><img loading=\"lazy\" decoding=\"async\" class=\"size-full wp-image-4500 alignleft\" alt=\"memorial2012\" src=\"http:\/\/ultimato.com.br\/sites\/blogdaultimato\/files\/2013\/03\/memorial2012.jpg\" width=\"400\" height=\"565\" srcset=\"https:\/\/ultimato.com.br\/sites\/blogdaultimato\/files\/2013\/03\/memorial2012.jpg 400w, https:\/\/ultimato.com.br\/sites\/blogdaultimato\/files\/2013\/03\/memorial2012-212x300.jpg 212w, https:\/\/ultimato.com.br\/sites\/blogdaultimato\/files\/2013\/03\/memorial2012-106x150.jpg 106w\" sizes=\"auto, (max-width: 400px) 100vw, 400px\" \/><\/a><\/p>\n<p>&nbsp;<\/p>\n<p>&nbsp;<\/p>\n<p>&nbsp;<\/p>\n<p>&nbsp;<\/p>\n<p>&nbsp;<\/p>\n<p>&nbsp;<\/p>\n<p>&nbsp;<\/p>\n<p>&nbsp;<\/p>\n<p>&nbsp;<\/p>\n<p>&nbsp;<\/p>\n<p>&nbsp;<\/p>\n<p>&nbsp;<\/p>\n<p>&nbsp;<\/p>\n<p>&nbsp;<\/p>\n<p>&nbsp;<\/p>\n<p>&nbsp;<\/p>\n<p>&nbsp;<\/p>\n<p>&nbsp;<\/p>\n<p>&nbsp;<\/p>\n<p>&nbsp;<\/p>\n<p>&nbsp;<\/p>\n<p>&nbsp;<\/p>\n<p>Veja tamb\u00e9m alguns murais de anos anteriores:<\/p>\n<p><strong>2011<\/strong><br \/>\n<a href=\"http:\/\/ultimato.com.br\/sites\/blogdaultimato\/files\/2013\/03\/memorial_2011.jpg\" class=\"lightview\" data-lightview-group=\"group-4499\" data-lightview-options=\"skin: 'dark', controls: 'relative', padding: '10', shadow: { color: '#000000', opacity: 0.08, blur: 3 }\"><img loading=\"lazy\" decoding=\"async\" class=\"alignleft size-full wp-image-4502\" alt=\"memorial_2011\" src=\"http:\/\/ultimato.com.br\/sites\/blogdaultimato\/files\/2013\/03\/memorial_2011.jpg\" width=\"304\" height=\"279\" srcset=\"https:\/\/ultimato.com.br\/sites\/blogdaultimato\/files\/2013\/03\/memorial_2011.jpg 304w, https:\/\/ultimato.com.br\/sites\/blogdaultimato\/files\/2013\/03\/memorial_2011-300x275.jpg 300w, https:\/\/ultimato.com.br\/sites\/blogdaultimato\/files\/2013\/03\/memorial_2011-150x137.jpg 150w\" sizes=\"auto, (max-width: 304px) 100vw, 304px\" \/><\/a><\/p>\n<p>&nbsp;<\/p>\n<p>&nbsp;<\/p>\n<p>&nbsp;<\/p>\n<p>&nbsp;<\/p>\n<p>&nbsp;<\/p>\n<p>&nbsp;<\/p>\n<p>&nbsp;<\/p>\n<p>&nbsp;<\/p>\n<p>&nbsp;<\/p>\n<p>&nbsp;<\/p>\n<p>&nbsp;<\/p>\n<p><strong>2010<\/strong><\/p>\n<p><a href=\"http:\/\/ultimato.com.br\/sites\/blogdaultimato\/files\/2013\/03\/memorial_2010.jpg\" class=\"lightview\" data-lightview-group=\"group-4499\" data-lightview-options=\"skin: 'dark', controls: 'relative', padding: '10', shadow: { color: '#000000', opacity: 0.08, blur: 3 }\"><img loading=\"lazy\" decoding=\"async\" class=\"alignleft size-full wp-image-4503\" alt=\"memorial2010\" src=\"http:\/\/ultimato.com.br\/sites\/blogdaultimato\/files\/2013\/03\/memorial_2010.jpg\" width=\"301\" height=\"402\" srcset=\"https:\/\/ultimato.com.br\/sites\/blogdaultimato\/files\/2013\/03\/memorial_2010.jpg 301w, https:\/\/ultimato.com.br\/sites\/blogdaultimato\/files\/2013\/03\/memorial_2010-224x300.jpg 224w, https:\/\/ultimato.com.br\/sites\/blogdaultimato\/files\/2013\/03\/memorial_2010-112x150.jpg 112w\" sizes=\"auto, (max-width: 301px) 100vw, 301px\" \/><\/a><\/p>\n<p>&nbsp;<\/p>\n<p>&nbsp;<\/p>\n<p>&nbsp;<\/p>\n<p>&nbsp;<\/p>\n<p>&nbsp;<\/p>\n<p>&nbsp;<\/p>\n<p>&nbsp;<\/p>\n<p>&nbsp;<\/p>\n<p>&nbsp;<\/p>\n<p>&nbsp;<\/p>\n<p>&nbsp;<\/p>\n<p>&nbsp;<\/p>\n<p>&nbsp;<\/p>\n<p>&nbsp;<\/p>\n<p>&nbsp;<\/p>\n<p>&nbsp;<\/p>\n<p><strong>2009<\/strong><\/p>\n<p><a href=\"http:\/\/ultimato.com.br\/sites\/blogdaultimato\/files\/2013\/03\/memorial_2009.jpg\" class=\"lightview\" data-lightview-group=\"group-4499\" data-lightview-options=\"skin: 'dark', controls: 'relative', padding: '10', shadow: { color: '#000000', opacity: 0.08, blur: 3 }\"><img loading=\"lazy\" decoding=\"async\" class=\"alignleft size-full wp-image-4507\" alt=\"memorial_2009\" src=\"http:\/\/ultimato.com.br\/sites\/blogdaultimato\/files\/2013\/03\/memorial_2009.jpg\" width=\"305\" height=\"521\" srcset=\"https:\/\/ultimato.com.br\/sites\/blogdaultimato\/files\/2013\/03\/memorial_2009.jpg 305w, https:\/\/ultimato.com.br\/sites\/blogdaultimato\/files\/2013\/03\/memorial_2009-175x300.jpg 175w, https:\/\/ultimato.com.br\/sites\/blogdaultimato\/files\/2013\/03\/memorial_2009-87x150.jpg 87w\" sizes=\"auto, (max-width: 305px) 100vw, 305px\" \/><\/a><\/p>\n<p>&nbsp;<\/p>\n<p>&nbsp;<\/p>\n<p>&nbsp;<\/p>\n<p>&nbsp;<\/p>\n<p>&nbsp;<\/p>\n<p>&nbsp;<\/p>\n<p>&nbsp;<\/p>\n<p>&nbsp;<\/p>\n<p>&nbsp;<\/p>\n<p>&nbsp;<\/p>\n<p>&nbsp;<\/p>\n<p>&nbsp;<\/p>\n<p>&nbsp;<\/p>\n<p>&nbsp;<\/p>\n<p>&nbsp;<\/p>\n<p>&nbsp;<\/p>\n<p>&nbsp;<\/p>\n<p>&nbsp;<\/p>\n<p>&nbsp;<\/p>\n<p>&nbsp;<\/p>\n<p>&nbsp;<\/p>\n<p>&nbsp;<\/p>\n<p>&nbsp;<\/p>\n","protected":false},"excerpt":{"rendered":"<p>&#8220;Rapadura \u00e9 doce, mas n\u00e3o \u00e9 mole n\u00e3o\u201d. Este bem-humorado ditado popular \u00e9 frequentemente lembrado no dia-a-dia de Ultimato, porque ele traduz bem a mistura de lutas e vit\u00f3rias na nossa caminhada. Com a gra\u00e7a de Deus \u2013 e uma boa dose de caf\u00e9 com p\u00e3o \u2013 a Equipe Ultimato enfrenta a labuta di\u00e1ria.<br \/>\nComo temos [&#8230;]<\/p>\n","protected":false},"author":21,"featured_media":0,"comment_status":"open","ping_status":"open","sticky":false,"template":"","format":"standard","meta":{"ngg_post_thumbnail":0,"footnotes":""},"categories":[6111],"tags":[23,24,27196,154],"class_list":["post-4499","post","type-post","status-publish","format-standard","hentry","category-ultimas-de-ca","tag-editora","tag-equipe","tag-ultimas-de-ca","tag-ultimato"],"_links":{"self":[{"href":"https:\/\/ultimato.com.br\/sites\/blogdaultimato\/wp-json\/wp\/v2\/posts\/4499","targetHints":{"allow":["GET"]}}],"collection":[{"href":"https:\/\/ultimato.com.br\/sites\/blogdaultimato\/wp-json\/wp\/v2\/posts"}],"about":[{"href":"https:\/\/ultimato.com.br\/sites\/blogdaultimato\/wp-json\/wp\/v2\/types\/post"}],"author":[{"embeddable":true,"href":"https:\/\/ultimato.com.br\/sites\/blogdaultimato\/wp-json\/wp\/v2\/users\/21"}],"replies":[{"embeddable":true,"href":"https:\/\/ultimato.com.br\/sites\/blogdaultimato\/wp-json\/wp\/v2\/comments?post=4499"}],"version-history":[{"count":9,"href":"https:\/\/ultimato.com.br\/sites\/blogdaultimato\/wp-json\/wp\/v2\/posts\/4499\/revisions"}],"predecessor-version":[{"id":4512,"href":"https:\/\/ultimato.com.br\/sites\/blogdaultimato\/wp-json\/wp\/v2\/posts\/4499\/revisions\/4512"}],"wp:attachment":[{"href":"https:\/\/ultimato.com.br\/sites\/blogdaultimato\/wp-json\/wp\/v2\/media?parent=4499"}],"wp:term":[{"taxonomy":"category","embeddable":true,"href":"https:\/\/ultimato.com.br\/sites\/blogdaultimato\/wp-json\/wp\/v2\/categories?post=4499"},{"taxonomy":"post_tag","embeddable":true,"href":"https:\/\/ultimato.com.br\/sites\/blogdaultimato\/wp-json\/wp\/v2\/tags?post=4499"}],"curies":[{"name":"wp","href":"https:\/\/api.w.org\/{rel}","templated":true}]}}