{"id":4450,"date":"2013-03-14T11:36:31","date_gmt":"2013-03-14T14:36:31","guid":{"rendered":"http:\/\/ultimato.com.br\/sites\/blogdaultimato\/?p=4450"},"modified":"2013-03-14T14:21:11","modified_gmt":"2013-03-14T17:21:11","slug":"como-fazer-uma-capa-um-briefing-algumas-ideias-e-muita-pressao","status":"publish","type":"post","link":"https:\/\/ultimato.com.br\/sites\/blogdaultimato\/2013\/03\/14\/como-fazer-uma-capa-um-briefing-algumas-ideias-e-muita-pressao\/","title":{"rendered":"Como fazer uma capa? Um briefing, algumas ideias e muita press\u00e3o"},"content":{"rendered":"<p>Ultimato acaba de lan\u00e7ar <a href=\"http:\/\/ultimato.com.br\/sites\/oracao-nossa-de-cada-dia\/\">A Ora\u00e7\u00e3o Nossa de Cada Dia<\/a>. Conhe\u00e7a parte do processo de produ\u00e7\u00e3o da capa e algumas poucas e boas ideias da Ana Cl\u00e1udia Nunes, a capista. Com a palavra a Ana Cl\u00e1udia.<\/p>\n<p>Para fazer a capa de <strong>A Ora\u00e7\u00e3o Nossa de Cada Dia<\/strong>, o primeiro passo foi&#8230;<\/p>\n<p><strong>1)<\/strong> Ler um pouco do livro, para me familiarizar com o tipo de mensagem que o autor, Carlos Queiroz, queria passar.<br \/>\nLogo nas primeiras p\u00e1ginas, eu li: &#8220;A ora\u00e7\u00e3o \u00e9 t\u00e3o din\u00e2mica quanto a vida, \u00e9 t\u00e3o livre quanto o Esp\u00edrito Santo que a fecunda&#8221;, o que me fez perceber&#8230;<!--more--><\/p>\n<p><strong>2)<\/strong> A ora\u00e7\u00e3o de outro modo. \u00c1s vezes um livro sobre ora\u00e7\u00e3o poderia fazer algu\u00e9m imaginar imediatamente uma capa com m\u00e3os postas, algu\u00e9m de joelhos, uma posi\u00e7\u00e3o de contri\u00e7\u00e3o, talvez. Mas essa frase do autor me fez pensar na ora\u00e7\u00e3o n\u00e3o como um mecanismo cheio de regras e tradi\u00e7\u00f5es, mas um jeito de viver que me conecta com Deus.<\/p>\n<p><strong>3)<\/strong> Comecei a pesquisar ent\u00e3o algumas refer\u00eancias que me remetessem a um ambiente de intimidade, liberdade, sinceridade e alegria, como a nossa ora\u00e7\u00e3o deve ser, como ressaltou o autor: &#8220;t\u00e3o din\u00e2mica quanto a vida&#8221;.<br \/>\n<strong>4)<\/strong> Logo pensei tamb\u00e9m na manh\u00e3, por apresentar um momento especial, din\u00e2mico, quando tudo est\u00e1 acordando, recebendo vida. E tamb\u00e9m porque as cores da manh\u00e3 s\u00e3o quentes e aconchegantes, e o objetivo da capa \u00e9 que ela aproximasse o leitor, convidando-o a descobrir mais sobre ora\u00e7\u00e3o atrav\u00e9s do livro.<\/p>\n<p><strong>5)<\/strong> Dos v\u00e1rios testes feitos, apresentei tr\u00eas propostas para o Diretor Editorial.<br \/>\n<a href=\"http:\/\/ultimato.com.br\/sites\/blogdaultimato\/files\/2013\/03\/testes.jpg\" class=\"lightview\" data-lightview-group=\"group-4450\" data-lightview-options=\"skin: 'dark', controls: 'relative', padding: '10', shadow: { color: '#000000', opacity: 0.08, blur: 3 }\"><img loading=\"lazy\" decoding=\"async\" class=\"alignleft size-full wp-image-4469\" alt=\"testes\" src=\"http:\/\/ultimato.com.br\/sites\/blogdaultimato\/files\/2013\/03\/testes.jpg\" width=\"600\" height=\"297\" srcset=\"https:\/\/ultimato.com.br\/sites\/blogdaultimato\/files\/2013\/03\/testes.jpg 600w, https:\/\/ultimato.com.br\/sites\/blogdaultimato\/files\/2013\/03\/testes-300x148.jpg 300w, https:\/\/ultimato.com.br\/sites\/blogdaultimato\/files\/2013\/03\/testes-150x74.jpg 150w\" sizes=\"auto, (max-width: 600px) 100vw, 600px\" \/><\/a><\/p>\n<p>&nbsp;<\/p>\n<p>&nbsp;<\/p>\n<p>&nbsp;<\/p>\n<p>&nbsp;<\/p>\n<p>&nbsp;<\/p>\n<p>&nbsp;<\/p>\n<p>&nbsp;<\/p>\n<p>&nbsp;<\/p>\n<p>&nbsp;<\/p>\n<p>&nbsp;<\/p>\n<p>&nbsp;<\/p>\n<p><strong>6)<\/strong> Que escolheu prosseguirmos com a imagem da capa atual, com algumas pequenas modifica\u00e7\u00f5es&#8230;<br \/>\n<a href=\"http:\/\/ultimato.com.br\/sites\/blogdaultimato\/files\/2013\/03\/capa_oracao_web.jpg\" class=\"lightview\" data-lightview-group=\"group-4450\" data-lightview-options=\"skin: 'dark', controls: 'relative', padding: '10', shadow: { color: '#000000', opacity: 0.08, blur: 3 }\"><img loading=\"lazy\" decoding=\"async\" class=\"alignleft size-full wp-image-4470\" alt=\"capa_oracao_web\" src=\"http:\/\/ultimato.com.br\/sites\/blogdaultimato\/files\/2013\/03\/capa_oracao_web.jpg\" width=\"600\" height=\"282\" srcset=\"https:\/\/ultimato.com.br\/sites\/blogdaultimato\/files\/2013\/03\/capa_oracao_web.jpg 600w, https:\/\/ultimato.com.br\/sites\/blogdaultimato\/files\/2013\/03\/capa_oracao_web-300x141.jpg 300w, https:\/\/ultimato.com.br\/sites\/blogdaultimato\/files\/2013\/03\/capa_oracao_web-150x70.jpg 150w\" sizes=\"auto, (max-width: 600px) 100vw, 600px\" \/><\/a><\/p>\n<p>Para saber mais, acesse o <a href=\"http:\/\/ultimato.com.br\/sites\/oracao-nossa-de-cada-dia\/\">hotsite<\/a>.<\/p>\n<p>&nbsp;<\/p>\n","protected":false},"excerpt":{"rendered":"<p>Ultimato acaba de lan\u00e7ar A Ora\u00e7\u00e3o Nossa de Cada Dia. Conhe\u00e7a parte do processo de produ\u00e7\u00e3o da capa e algumas poucas e boas ideias da Ana Cl\u00e1udia Nunes, a capista. Com a palavra a Ana Cl\u00e1udia.<br \/>\nPara fazer a capa de A Ora\u00e7\u00e3o Nossa de Cada Dia, o primeiro passo foi&#8230;<br \/>\n1) Ler um pouco do livro, [&#8230;]<\/p>\n","protected":false},"author":6,"featured_media":0,"comment_status":"open","ping_status":"open","sticky":false,"template":"","format":"standard","meta":{"ngg_post_thumbnail":0,"footnotes":""},"categories":[6111],"tags":[],"class_list":["post-4450","post","type-post","status-publish","format-standard","hentry","category-ultimas-de-ca"],"_links":{"self":[{"href":"https:\/\/ultimato.com.br\/sites\/blogdaultimato\/wp-json\/wp\/v2\/posts\/4450","targetHints":{"allow":["GET"]}}],"collection":[{"href":"https:\/\/ultimato.com.br\/sites\/blogdaultimato\/wp-json\/wp\/v2\/posts"}],"about":[{"href":"https:\/\/ultimato.com.br\/sites\/blogdaultimato\/wp-json\/wp\/v2\/types\/post"}],"author":[{"embeddable":true,"href":"https:\/\/ultimato.com.br\/sites\/blogdaultimato\/wp-json\/wp\/v2\/users\/6"}],"replies":[{"embeddable":true,"href":"https:\/\/ultimato.com.br\/sites\/blogdaultimato\/wp-json\/wp\/v2\/comments?post=4450"}],"version-history":[{"count":16,"href":"https:\/\/ultimato.com.br\/sites\/blogdaultimato\/wp-json\/wp\/v2\/posts\/4450\/revisions"}],"predecessor-version":[{"id":4474,"href":"https:\/\/ultimato.com.br\/sites\/blogdaultimato\/wp-json\/wp\/v2\/posts\/4450\/revisions\/4474"}],"wp:attachment":[{"href":"https:\/\/ultimato.com.br\/sites\/blogdaultimato\/wp-json\/wp\/v2\/media?parent=4450"}],"wp:term":[{"taxonomy":"category","embeddable":true,"href":"https:\/\/ultimato.com.br\/sites\/blogdaultimato\/wp-json\/wp\/v2\/categories?post=4450"},{"taxonomy":"post_tag","embeddable":true,"href":"https:\/\/ultimato.com.br\/sites\/blogdaultimato\/wp-json\/wp\/v2\/tags?post=4450"}],"curies":[{"name":"wp","href":"https:\/\/api.w.org\/{rel}","templated":true}]}}