{"id":44,"date":"2008-05-19T12:49:36","date_gmt":"2008-05-19T15:49:36","guid":{"rendered":"http:\/\/www.ultimato.com.br\/blog\/?p=44"},"modified":"2020-01-16T10:36:09","modified_gmt":"2020-01-16T12:36:09","slug":"no-pinheiral-as-6-da-manha","status":"publish","type":"post","link":"https:\/\/ultimato.com.br\/sites\/blogdaultimato\/2008\/05\/19\/no-pinheiral-as-6-da-manha\/","title":{"rendered":"No Pinheiral, \u00e0s 6 da manh\u00e3"},"content":{"rendered":"<p><a href=\"http:\/\/www.ultimato.com.br\/blog\/wp-content\/uploads\/image\/Ultimas_de_ca\/2008\/maio\/blog_19_05_pinheiral.jpg\" class=\"lightview\" data-lightview-group=\"group-44\" data-lightview-options=\"skin: 'dark', controls: 'relative', padding: '10', shadow: { color: '#000000', opacity: 0.08, blur: 3 }\" target=\"_blank\" rel=\"noopener noreferrer\"><img loading=\"lazy\" decoding=\"async\" class=\"esquerda\" src=\"http:\/\/www.ultimato.com.br\/blog\/wp-content\/uploads\/image\/Ultimas_de_ca\/2008\/maio\/blog_19_05_pinheiral.jpg\" alt=\"\" width=\"200\" height=\"150\" align=\"left\" border=\"0\" \/><\/a>O que faz um grupo de oitenta pessoas, entre jovens, adultos e algumas crian\u00e7as, acordarem muito cedo, em meio a um frio de 15 graus, para participarem de uma reuni\u00e3o de ora\u00e7\u00e3o no &#8220;meio do mato&#8221;?<\/p>\n<p>A Igreja Presbiteriana de Vi\u00e7osa cultiva este h\u00e1bito que j\u00e1 dura 47 anos. Pelo menos duas vezes por ano, seus membros e congregados s\u00e3o convocados a participar da Semana de Ora\u00e7\u00e3o no Pinheiral, \u00e0s 6 horas da manh\u00e3. <!--more--><\/p>\n<p>Este local, na \u00e1rea da Universidade Federal de Vi\u00e7osa, \u00e9 arborizado, \u00e0s margens de uma antiga represa. Alguns v\u00e3o de bicicleta, outros de carro e outros a p\u00e9, para orar com unanimidade por temas propostos pelas lideran\u00e7as da igreja.<\/p>\n<p>O Pinheiral tem um grande valor afetivo para a igreja, pois antes mesmo de ser oficialmente organizada, um grupo de estudantes universit\u00e1rios se reunia ali para orar a Deus, nas media\u00e7\u00f5es do nome de Jesus, em busca da orienta\u00e7\u00e3o e do poder do Esp\u00edrito Santo. Eram tempos de persegui\u00e7\u00e3o aos evang\u00e9licos em Vi\u00e7osa e o verso colocado na parede do templo era: &#8220;N\u00e3o por for\u00e7a nem por viol\u00eancia, mas pelo meu Esp\u00edrito&#8221;.<\/p>\n<p>Muita intercess\u00e3o, muita gratid\u00e3o, muitos desabafos, muita entrega foi feita nesse lugar ao longo dos anos.<\/p>\n<p>Na semana que passou (5 a 10 de maio) os temas de ora\u00e7\u00e3o foram os minist\u00e9rios paralelos dos quais a igreja participa e apoia, como a Rebusca (entidade de a\u00e7\u00e3o social fundada por membros da igreja h\u00e1 27 anos), o Centro Evang\u00e9lico de Miss\u00f5es (tamb\u00e9m fundado por membros da igreja h\u00e1 25 anos) e a Ultimato.<\/p>\n<p>Embora Ultimato n\u00e3o tenha vincula\u00e7\u00e3o institucional com a Igreja Presbiteriana de Vi\u00e7osa, recebeu desta apoio decisivo desde a sua funda\u00e7\u00e3o. Todas as despesas gr\u00e1ficas da 1\u00aa edi\u00e7\u00e3o h\u00e1 exatos 40 anos foram pagas pela igreja. A IPV manteve o sal\u00e1rio integral de Elben C\u00e9sar como pastor da igreja por cerca de 20 anos, ainda que ele dividisse seu tempo com a revista.<\/p>\n<p>Um dos motivos pelos quais se orou nesta semana foi o <a href=\"http:\/\/ultimato.com.br\/sites\/blogdaultimato\/2018\/01\/11\/ultimato-40-anos-encontro-de-amigos\/\" target=\"_blank\" rel=\"noopener noreferrer\">Encontro de Amigos<\/a> que se realizar\u00e1 de 31 de julho a 02 de agosto para comemorar os 40 anos de Ultimato. Este Encontro ser\u00e1 aqui em Vi\u00e7osa e as reuni\u00f5es acontecer\u00e3o na Igreja Presbiteriana no centro da cidade.<\/p>\n<p>Voc\u00eas est\u00e3o convidados para o Encontro, inclusive para orar \u00e0s 6 horas da manh\u00e3 no Pinheiral!<\/p>\n","protected":false},"excerpt":{"rendered":"<p>O que faz um grupo de oitenta pessoas, entre jovens, adultos e algumas crian\u00e7as, acordarem muito cedo, em meio a um frio de 15 graus, para participarem de uma reuni\u00e3o de ora\u00e7\u00e3o no &#8220;meio do mato&#8221;?<br \/>\nA Igreja Presbiteriana de Vi\u00e7osa cultiva este h\u00e1bito que j\u00e1 dura 47 anos. Pelo menos duas vezes por ano, seus [&#8230;]<\/p>\n","protected":false},"author":10,"featured_media":0,"comment_status":"open","ping_status":"open","sticky":false,"template":"","format":"standard","meta":{"ngg_post_thumbnail":0,"footnotes":""},"categories":[6111],"tags":[5162,5491,38,5642,5648,5730,124,5863,6037,154,6094],"class_list":["post-44","post","type-post","status-publish","format-standard","hentry","category-ultimas-de-ca","tag-40-anos","tag-encontro","tag-igreja","tag-intercessao","tag-ipv","tag-mato","tag-oracao","tag-pinheiral","tag-sustento","tag-ultimato","tag-vicosa"],"_links":{"self":[{"href":"https:\/\/ultimato.com.br\/sites\/blogdaultimato\/wp-json\/wp\/v2\/posts\/44","targetHints":{"allow":["GET"]}}],"collection":[{"href":"https:\/\/ultimato.com.br\/sites\/blogdaultimato\/wp-json\/wp\/v2\/posts"}],"about":[{"href":"https:\/\/ultimato.com.br\/sites\/blogdaultimato\/wp-json\/wp\/v2\/types\/post"}],"author":[{"embeddable":true,"href":"https:\/\/ultimato.com.br\/sites\/blogdaultimato\/wp-json\/wp\/v2\/users\/10"}],"replies":[{"embeddable":true,"href":"https:\/\/ultimato.com.br\/sites\/blogdaultimato\/wp-json\/wp\/v2\/comments?post=44"}],"version-history":[{"count":1,"href":"https:\/\/ultimato.com.br\/sites\/blogdaultimato\/wp-json\/wp\/v2\/posts\/44\/revisions"}],"predecessor-version":[{"id":14336,"href":"https:\/\/ultimato.com.br\/sites\/blogdaultimato\/wp-json\/wp\/v2\/posts\/44\/revisions\/14336"}],"wp:attachment":[{"href":"https:\/\/ultimato.com.br\/sites\/blogdaultimato\/wp-json\/wp\/v2\/media?parent=44"}],"wp:term":[{"taxonomy":"category","embeddable":true,"href":"https:\/\/ultimato.com.br\/sites\/blogdaultimato\/wp-json\/wp\/v2\/categories?post=44"},{"taxonomy":"post_tag","embeddable":true,"href":"https:\/\/ultimato.com.br\/sites\/blogdaultimato\/wp-json\/wp\/v2\/tags?post=44"}],"curies":[{"name":"wp","href":"https:\/\/api.w.org\/{rel}","templated":true}]}}