{"id":4380,"date":"2013-02-05T18:49:03","date_gmt":"2013-02-05T21:49:03","guid":{"rendered":"http:\/\/ultimato.com.br\/sites\/blogdaultimato\/?p=4380"},"modified":"2013-02-13T14:44:45","modified_gmt":"2013-02-13T17:44:45","slug":"a-oracao-no-olhar-fotografico-de-carol-leite","status":"publish","type":"post","link":"https:\/\/ultimato.com.br\/sites\/blogdaultimato\/2013\/02\/05\/a-oracao-no-olhar-fotografico-de-carol-leite\/","title":{"rendered":"A ora\u00e7\u00e3o. No olhar fotogr\u00e1fico de Carol Leite"},"content":{"rendered":"<p>Carol Leite tem 24 anos, \u00e9 jornalista e fot\u00f3grafa pernambucana que aceitou nosso convite de fazer imagens que a remetem \u00e0 pr\u00e1tica pessoal da ora\u00e7\u00e3o. Carol \u00e9 membro da 1\u00aa Igreja Batista do Recife, PE. \u201cAcredito que fomos todos chamados pra comunicar a gra\u00e7a e \u00e9 isso que tento fazer quando escrevo e fotografo. O que eu mais amo nessa vida \u00e9 gente e por isso comunico como gente, sobre gente e para gente\u201d, diz ela.<\/p>\n<p>As fotos de Carol v\u00e3o ilustrar os boletins <a href=\"http:\/\/www.ultimato.com.br\/boletim\/news\/ultimas139.htm\" target=\"_blank\">\u00daltimas<\/a> deste m\u00eas, na expectativa do novo livro da Ultimato: \u201cA Ora\u00e7\u00e3o Nossa de Cada Dia&#8221;, de Carlos Queiroz. Confira abaixo as imagens (que ser\u00e3o adicionadas semanalmente) e a descri\u00e7\u00e3o da referida foto feita pela fot\u00f3grafa.<\/p>\n<p><!--more--><\/p>\nngg_shortcode_0_placeholder\n<p>&nbsp;<\/p>\n","protected":false},"excerpt":{"rendered":"<p>Carol Leite tem 24 anos, \u00e9 jornalista e fot\u00f3grafa pernambucana que aceitou nosso convite de fazer imagens que a remetem \u00e0 pr\u00e1tica pessoal da ora\u00e7\u00e3o. Carol \u00e9 membro da 1\u00aa Igreja Batista do Recife, PE. \u201cAcredito que fomos todos chamados pra comunicar a gra\u00e7a e \u00e9 isso que tento fazer quando escrevo e fotografo. O [&#8230;]<\/p>\n","protected":false},"author":21,"featured_media":0,"comment_status":"open","ping_status":"open","sticky":false,"template":"","format":"standard","meta":{"ngg_post_thumbnail":0,"footnotes":""},"categories":[9538,6111],"tags":[33,5560,30,124,9543],"class_list":["post-4380","post","type-post","status-publish","format-standard","hentry","category-fotos-multimidia","category-ultimas-de-ca","tag-arte","tag-foto","tag-fotos","tag-oracao","tag-ultimas"],"_links":{"self":[{"href":"https:\/\/ultimato.com.br\/sites\/blogdaultimato\/wp-json\/wp\/v2\/posts\/4380","targetHints":{"allow":["GET"]}}],"collection":[{"href":"https:\/\/ultimato.com.br\/sites\/blogdaultimato\/wp-json\/wp\/v2\/posts"}],"about":[{"href":"https:\/\/ultimato.com.br\/sites\/blogdaultimato\/wp-json\/wp\/v2\/types\/post"}],"author":[{"embeddable":true,"href":"https:\/\/ultimato.com.br\/sites\/blogdaultimato\/wp-json\/wp\/v2\/users\/21"}],"replies":[{"embeddable":true,"href":"https:\/\/ultimato.com.br\/sites\/blogdaultimato\/wp-json\/wp\/v2\/comments?post=4380"}],"version-history":[{"count":17,"href":"https:\/\/ultimato.com.br\/sites\/blogdaultimato\/wp-json\/wp\/v2\/posts\/4380\/revisions"}],"predecessor-version":[{"id":4389,"href":"https:\/\/ultimato.com.br\/sites\/blogdaultimato\/wp-json\/wp\/v2\/posts\/4380\/revisions\/4389"}],"wp:attachment":[{"href":"https:\/\/ultimato.com.br\/sites\/blogdaultimato\/wp-json\/wp\/v2\/media?parent=4380"}],"wp:term":[{"taxonomy":"category","embeddable":true,"href":"https:\/\/ultimato.com.br\/sites\/blogdaultimato\/wp-json\/wp\/v2\/categories?post=4380"},{"taxonomy":"post_tag","embeddable":true,"href":"https:\/\/ultimato.com.br\/sites\/blogdaultimato\/wp-json\/wp\/v2\/tags?post=4380"}],"curies":[{"name":"wp","href":"https:\/\/api.w.org\/{rel}","templated":true}]}}