{"id":4359,"date":"2013-01-25T19:40:25","date_gmt":"2013-01-25T22:40:25","guid":{"rendered":"http:\/\/ultimato.com.br\/sites\/blogdaultimato\/?p=4359"},"modified":"2013-01-25T19:44:26","modified_gmt":"2013-01-25T22:44:26","slug":"a-inveja-mata-o-facebook-ajuda","status":"publish","type":"post","link":"https:\/\/ultimato.com.br\/sites\/blogdaultimato\/2013\/01\/25\/a-inveja-mata-o-facebook-ajuda\/","title":{"rendered":"A inveja mata. O Facebook ajuda"},"content":{"rendered":"<p><a href=\"http:\/\/ultimato.com.br\/sites\/blogdaultimato\/files\/2013\/01\/inveja_blog_25_01_13.jpg\" class=\"lightview\" data-lightview-group=\"group-4359\" data-lightview-options=\"skin: 'dark', controls: 'relative', padding: '10', shadow: { color: '#000000', opacity: 0.08, blur: 3 }\"><img loading=\"lazy\" decoding=\"async\" class=\"alignleft size-full wp-image-4360\" alt=\"inveja_blog_25_01_13\" src=\"http:\/\/ultimato.com.br\/sites\/blogdaultimato\/files\/2013\/01\/inveja_blog_25_01_13.jpg\" width=\"202\" height=\"206\" srcset=\"https:\/\/ultimato.com.br\/sites\/blogdaultimato\/files\/2013\/01\/inveja_blog_25_01_13.jpg 202w, https:\/\/ultimato.com.br\/sites\/blogdaultimato\/files\/2013\/01\/inveja_blog_25_01_13-147x150.jpg 147w\" sizes=\"auto, (max-width: 202px) 100vw, 202px\" \/><\/a>Pesquisadores advertem: o Facebook faz mal \u00e0 sa\u00fade.<\/p>\n<p>N\u00e3o precisa ser um g\u00eanio para perceber ru\u00eddos e at\u00e9 barracos entre usu\u00e1rios do Facebook. Alguns ficam doentes, outros dependentes. Agora, segundo pesquisadores da Universidade Humboldt e da Universidade de Darmastadt, na Alemanha, o Facebook \u00e9 um po\u00e7o de inveja e uma \u201cplataforma de compara\u00e7\u00f5es sociais\u201d.<\/p>\n<p>Rea\u00e7\u00f5es do tipo: \u201cA mulher dele est\u00e1 mais bonita\u201d, \u201cas nossas f\u00e9rias foram melhores\u201d, \u201cele deve estar ganhando muito dinheiro\u201d, \u201cningu\u00e9m curtiu minha foto\u201d ou \u201cviu, quantas pessoas deram parab\u00e9ns para a fulana?\u201d, s\u00e3o a causa da infelicidade, estresse e especialmente inveja de meio mundo. Tudo gra\u00e7as ao Facebook. \u00a0 \u00a0 \u00a0 \u00a0 \u00a0 \u00a0 \u00a0 \u00a0 \u00a0 \u00a0 \u00a0 \u00a0 \u00a0 \u00a0 \u00a0 \u00a0 \u00a0 \u00a0 Para ler mat\u00e9ria na \u00edntegra, acesse a <a href=\"http:\/\/br.reuters.com\/article\/internetNews\/idBRSPE90L05I20130122?pageNumber=2&amp;virtualBrandChannel=0\">Reuters<\/a>.<\/p>\n","protected":false},"excerpt":{"rendered":"<p>Pesquisadores advertem: o Facebook faz mal \u00e0 sa\u00fade.<br \/>\nN\u00e3o precisa ser um g\u00eanio para perceber ru\u00eddos e at\u00e9 barracos entre usu\u00e1rios do Facebook. Alguns ficam doentes, outros dependentes. Agora, segundo pesquisadores da Universidade Humboldt e da Universidade de Darmastadt, na Alemanha, o Facebook \u00e9 um po\u00e7o de inveja e uma \u201cplataforma de compara\u00e7\u00f5es sociais\u201d.<br \/>\nRea\u00e7\u00f5es do tipo: [&#8230;]<\/p>\n","protected":false},"author":6,"featured_media":0,"comment_status":"open","ping_status":"open","sticky":false,"template":"","format":"standard","meta":{"ngg_post_thumbnail":0,"footnotes":""},"categories":[6114],"tags":[],"class_list":["post-4359","post","type-post","status-publish","format-standard","hentry","category-ultimas-de-la"],"_links":{"self":[{"href":"https:\/\/ultimato.com.br\/sites\/blogdaultimato\/wp-json\/wp\/v2\/posts\/4359","targetHints":{"allow":["GET"]}}],"collection":[{"href":"https:\/\/ultimato.com.br\/sites\/blogdaultimato\/wp-json\/wp\/v2\/posts"}],"about":[{"href":"https:\/\/ultimato.com.br\/sites\/blogdaultimato\/wp-json\/wp\/v2\/types\/post"}],"author":[{"embeddable":true,"href":"https:\/\/ultimato.com.br\/sites\/blogdaultimato\/wp-json\/wp\/v2\/users\/6"}],"replies":[{"embeddable":true,"href":"https:\/\/ultimato.com.br\/sites\/blogdaultimato\/wp-json\/wp\/v2\/comments?post=4359"}],"version-history":[{"count":7,"href":"https:\/\/ultimato.com.br\/sites\/blogdaultimato\/wp-json\/wp\/v2\/posts\/4359\/revisions"}],"predecessor-version":[{"id":4362,"href":"https:\/\/ultimato.com.br\/sites\/blogdaultimato\/wp-json\/wp\/v2\/posts\/4359\/revisions\/4362"}],"wp:attachment":[{"href":"https:\/\/ultimato.com.br\/sites\/blogdaultimato\/wp-json\/wp\/v2\/media?parent=4359"}],"wp:term":[{"taxonomy":"category","embeddable":true,"href":"https:\/\/ultimato.com.br\/sites\/blogdaultimato\/wp-json\/wp\/v2\/categories?post=4359"},{"taxonomy":"post_tag","embeddable":true,"href":"https:\/\/ultimato.com.br\/sites\/blogdaultimato\/wp-json\/wp\/v2\/tags?post=4359"}],"curies":[{"name":"wp","href":"https:\/\/api.w.org\/{rel}","templated":true}]}}