{"id":4354,"date":"2013-01-25T06:46:08","date_gmt":"2013-01-25T09:46:08","guid":{"rendered":"http:\/\/ultimato.com.br\/sites\/blogdaultimato\/?p=4354"},"modified":"2013-01-25T06:47:03","modified_gmt":"2013-01-25T09:47:03","slug":"abencoada-ultimato","status":"publish","type":"post","link":"https:\/\/ultimato.com.br\/sites\/blogdaultimato\/2013\/01\/25\/abencoada-ultimato\/","title":{"rendered":"Aben\u00e7oada Ultimato"},"content":{"rendered":"<p>Agradecemos a simpatia do nosso leitor Eude Carvalho da Rocha que escreveu e nos enviou um poema em homenagem ao anivers\u00e1rio da Ultimato. Leia abaixo.<\/p>\n<p>&nbsp;<br \/>\n<strong>Aben\u00e7oada UItimato<\/strong><\/p>\n<p>Aben\u00e7oada Ultimato!<br \/>\n\u00c9 simples e muito edificante.<br \/>\n\u00c9 ler e n\u00e3o dizer: &#8220;o tempo mato!&#8221;.<\/p>\n<p>Tem sempre algo relevante,<br \/>\nPois vem de &#8220;gente \u00fanica na terra&#8221;.<br \/>\nA sua urg\u00eancia n\u00e3o publica um rompante.<\/p>\n<p>Imagino os seus santos bastidores:<br \/>\nUma equipe que n\u00e3o destempera.<br \/>\nE chega em casa, seus suaves odores.<\/p>\n<p>Das narinas para a mente.<br \/>\nDa cabe\u00e7a, alimento para o cora\u00e7\u00e3o.<br \/>\n45 anos firmemente.<\/p>\n<p>Com a Palavra de Deus em toda situa\u00e7\u00e3o!<\/p>\n<p>____________<br \/>\n<em>Eude Carvalho da Rocha<br \/>\n<\/em><\/p>\n<p>Ps.: &#8220;gente \u00fanica na terra&#8221; (2 Sm 7.23).<\/p>\n","protected":false},"excerpt":{"rendered":"<p>Agradecemos a simpatia do nosso leitor Eude Carvalho da Rocha que escreveu e nos enviou um poema em homenagem ao anivers\u00e1rio da Ultimato. Leia abaixo.<br \/>\n&nbsp;<br \/>\nAben\u00e7oada UItimato<br \/>\nAben\u00e7oada Ultimato!<br \/>\n\u00c9 simples e muito edificante.<br \/>\n\u00c9 ler e n\u00e3o dizer: &#8220;o tempo mato!&#8221;.<br \/>\nTem sempre algo relevante,<br \/>\nPois vem de &#8220;gente \u00fanica na terra&#8221;.<br \/>\nA sua urg\u00eancia n\u00e3o publica um rompante.<br \/>\nImagino os seus [&#8230;]<\/p>\n","protected":false},"author":21,"featured_media":0,"comment_status":"open","ping_status":"open","sticky":false,"template":"","format":"standard","meta":{"ngg_post_thumbnail":0,"footnotes":""},"categories":[5153],"tags":[155,5871,160,154],"class_list":["post-4354","post","type-post","status-publish","format-standard","hentry","category-prateleira","tag-aniversario","tag-poema","tag-poesia","tag-ultimato"],"_links":{"self":[{"href":"https:\/\/ultimato.com.br\/sites\/blogdaultimato\/wp-json\/wp\/v2\/posts\/4354","targetHints":{"allow":["GET"]}}],"collection":[{"href":"https:\/\/ultimato.com.br\/sites\/blogdaultimato\/wp-json\/wp\/v2\/posts"}],"about":[{"href":"https:\/\/ultimato.com.br\/sites\/blogdaultimato\/wp-json\/wp\/v2\/types\/post"}],"author":[{"embeddable":true,"href":"https:\/\/ultimato.com.br\/sites\/blogdaultimato\/wp-json\/wp\/v2\/users\/21"}],"replies":[{"embeddable":true,"href":"https:\/\/ultimato.com.br\/sites\/blogdaultimato\/wp-json\/wp\/v2\/comments?post=4354"}],"version-history":[{"count":3,"href":"https:\/\/ultimato.com.br\/sites\/blogdaultimato\/wp-json\/wp\/v2\/posts\/4354\/revisions"}],"predecessor-version":[{"id":4357,"href":"https:\/\/ultimato.com.br\/sites\/blogdaultimato\/wp-json\/wp\/v2\/posts\/4354\/revisions\/4357"}],"wp:attachment":[{"href":"https:\/\/ultimato.com.br\/sites\/blogdaultimato\/wp-json\/wp\/v2\/media?parent=4354"}],"wp:term":[{"taxonomy":"category","embeddable":true,"href":"https:\/\/ultimato.com.br\/sites\/blogdaultimato\/wp-json\/wp\/v2\/categories?post=4354"},{"taxonomy":"post_tag","embeddable":true,"href":"https:\/\/ultimato.com.br\/sites\/blogdaultimato\/wp-json\/wp\/v2\/tags?post=4354"}],"curies":[{"name":"wp","href":"https:\/\/api.w.org\/{rel}","templated":true}]}}