{"id":4318,"date":"2013-01-08T10:47:14","date_gmt":"2013-01-08T13:47:14","guid":{"rendered":"http:\/\/ultimato.com.br\/sites\/blogdaultimato\/?p=4318"},"modified":"2013-01-31T15:25:19","modified_gmt":"2013-01-31T18:25:19","slug":"ultimato-relembra-capas-antigas","status":"publish","type":"post","link":"https:\/\/ultimato.com.br\/sites\/blogdaultimato\/2013\/01\/08\/ultimato-relembra-capas-antigas\/","title":{"rendered":"Ultimato relembra capas antigas"},"content":{"rendered":"<p>No m\u00eas em que a <strong>Ultimato<\/strong> comemora seus 45 anos, nosso boletim semanal <a href=\"http:\/\/www.editoraultimato.com.br\/ultimas\/ultimas135.htm\" target=\"_blank\">\u00daltimas<\/a> relembra capas mais antigas e hist\u00f3ricas da revista. S\u00e3o edi\u00e7\u00f5es que voc\u00ea n\u00e3o encontra no site (que disponibiliza as publica\u00e7\u00f5es a partir de <a href=\"http:\/\/www.ultimato.com.br\/revista\/edicoes-anteriores\" target=\"_blank\">1999<\/a>).<\/p>\n<p>Abaixo, a gente vai acrescentando as capas semanalmente.<!--more--><\/p>\n\n\t\t<style type=\"text\/css\">\n\t\t\t#gallery-1 {\n\t\t\t\tmargin: auto;\n\t\t\t}\n\t\t\t#gallery-1 .gallery-item {\n\t\t\t\tfloat: left;\n\t\t\t\tmargin-top: 10px;\n\t\t\t\ttext-align: center;\n\t\t\t\twidth: 33%;\n\t\t\t}\n\t\t\t#gallery-1 img {\n\t\t\t\tborder: 2px solid #cfcfcf;\n\t\t\t}\n\t\t\t#gallery-1 .gallery-caption {\n\t\t\t\tmargin-left: 0;\n\t\t\t}\n\t\t\t\/* see gallery_shortcode() in wp-includes\/media.php *\/\n\t\t<\/style>\n\t\t<div id='gallery-1' class='gallery galleryid-4318 gallery-columns-3 gallery-size-thumbnail'><dl class='gallery-item'>\n\t\t\t<dt class='gallery-icon portrait'>\n\t\t\t\t<a href='https:\/\/ultimato.com.br\/sites\/blogdaultimato\/files\/2013\/01\/Capa-Ult236.jpg#main'><img loading=\"lazy\" decoding=\"async\" width=\"150\" height=\"150\" src=\"https:\/\/ultimato.com.br\/sites\/blogdaultimato\/files\/2013\/01\/Capa-Ult236-150x150.jpg\" class=\"attachment-thumbnail size-thumbnail\" alt=\"\" aria-describedby=\"gallery-1-4341\" srcset=\"https:\/\/ultimato.com.br\/sites\/blogdaultimato\/files\/2013\/01\/Capa-Ult236-150x150.jpg 150w, https:\/\/ultimato.com.br\/sites\/blogdaultimato\/files\/2013\/01\/Capa-Ult236-80x80.jpg 80w\" sizes=\"auto, (max-width: 150px) 100vw, 150px\" \/><\/a>\n\t\t\t<\/dt>\n\t\t\t\t<dd class='wp-caption-text gallery-caption' id='gallery-1-4341'>\n\t\t\t\tRevista Ultimato 236, publicada em setembro de 1995. Foi a primeira edi\u00e7\u00e3o totalmente colorida (capa e conte\u00fado).\n\t\t\t\t<\/dd><\/dl><dl class='gallery-item'>\n\t\t\t<dt class='gallery-icon portrait'>\n\t\t\t\t<a href='https:\/\/ultimato.com.br\/sites\/blogdaultimato\/files\/2013\/01\/Capa-Ult232-22.jpg#main'><img loading=\"lazy\" decoding=\"async\" width=\"150\" height=\"150\" src=\"https:\/\/ultimato.com.br\/sites\/blogdaultimato\/files\/2013\/01\/Capa-Ult232-22-150x150.jpg\" class=\"attachment-thumbnail size-thumbnail\" alt=\"\" aria-describedby=\"gallery-1-4342\" srcset=\"https:\/\/ultimato.com.br\/sites\/blogdaultimato\/files\/2013\/01\/Capa-Ult232-22-150x150.jpg 150w, https:\/\/ultimato.com.br\/sites\/blogdaultimato\/files\/2013\/01\/Capa-Ult232-22-80x80.jpg 80w\" sizes=\"auto, (max-width: 150px) 100vw, 150px\" \/><\/a>\n\t\t\t<\/dt>\n\t\t\t\t<dd class='wp-caption-text gallery-caption' id='gallery-1-4342'>\n\t\t\t\tA edi\u00e7\u00e3o 232 (janeiro, 1995), a primeira capa em cores.\n\t\t\t\t<\/dd><\/dl><dl class='gallery-item'>\n\t\t\t<dt class='gallery-icon portrait'>\n\t\t\t\t<a href='https:\/\/ultimato.com.br\/sites\/blogdaultimato\/files\/2013\/01\/Capa-Ult268_terceiro_milenio.jpg#main'><img loading=\"lazy\" decoding=\"async\" width=\"150\" height=\"150\" src=\"https:\/\/ultimato.com.br\/sites\/blogdaultimato\/files\/2013\/01\/Capa-Ult268_terceiro_milenio-150x150.jpg\" class=\"attachment-thumbnail size-thumbnail\" alt=\"\" aria-describedby=\"gallery-1-4347\" srcset=\"https:\/\/ultimato.com.br\/sites\/blogdaultimato\/files\/2013\/01\/Capa-Ult268_terceiro_milenio-150x150.jpg 150w, https:\/\/ultimato.com.br\/sites\/blogdaultimato\/files\/2013\/01\/Capa-Ult268_terceiro_milenio-80x80.jpg 80w\" sizes=\"auto, (max-width: 150px) 100vw, 150px\" \/><\/a>\n\t\t\t<\/dt>\n\t\t\t\t<dd class='wp-caption-text gallery-caption' id='gallery-1-4347'>\n\t\t\t\tA revista Ultimato 268 foi a primeira do s\u00e9culo 21.\n\t\t\t\t<\/dd><\/dl><br style=\"clear: both\" \/><dl class='gallery-item'>\n\t\t\t<dt class='gallery-icon '>\n\t\t\t\t<a href='https:\/\/ultimato.com.br\/sites\/blogdaultimato\/files\/2013\/01\/Capa_Ult3152.jpg#main'><img loading=\"lazy\" decoding=\"async\" width=\"1\" height=\"1\" src=\"https:\/\/ultimato.com.br\/sites\/blogdaultimato\/files\/2013\/01\/Capa_Ult3152.jpg\" class=\"attachment-thumbnail size-thumbnail\" alt=\"\" aria-describedby=\"gallery-1-4373\" \/><\/a>\n\t\t\t<\/dt>\n\t\t\t\t<dd class='wp-caption-text gallery-caption' id='gallery-1-4373'>\n\t\t\t\tA edi\u00e7\u00e3o 315 (nov-dez\/2008) trouxe o que foi discutido no Encontro dos Amigos, que comemorou os 40 anos da Ultimato.\n\t\t\t\t<\/dd><\/dl>\n\t\t\t<br style='clear: both' \/>\n\t\t<\/div>\n\n<p>&nbsp;<\/p>\n<p>Acompanhe o \u00daltimas da pr\u00f3xima semana para conhecer outra capa hist\u00f3rica.<\/p>\n","protected":false},"excerpt":{"rendered":"<p>No m\u00eas em que a Ultimato comemora seus 45 anos, nosso boletim semanal \u00daltimas relembra capas mais antigas e hist\u00f3ricas da revista. S\u00e3o edi\u00e7\u00f5es que voc\u00ea n\u00e3o encontra no site (que disponibiliza as publica\u00e7\u00f5es a partir de 1999).<br \/>\nAbaixo, a gente vai acrescentando as capas semanalmente.<\/p>\n","protected":false},"author":21,"featured_media":0,"comment_status":"open","ping_status":"open","sticky":false,"template":"","format":"standard","meta":{"ngg_post_thumbnail":0,"footnotes":""},"categories":[9538,5153,6111],"tags":[16217,5953,154],"class_list":["post-4318","post","type-post","status-publish","format-standard","hentry","category-fotos-multimidia","category-prateleira","category-ultimas-de-ca","tag-capas","tag-revista-ultimato","tag-ultimato"],"_links":{"self":[{"href":"https:\/\/ultimato.com.br\/sites\/blogdaultimato\/wp-json\/wp\/v2\/posts\/4318","targetHints":{"allow":["GET"]}}],"collection":[{"href":"https:\/\/ultimato.com.br\/sites\/blogdaultimato\/wp-json\/wp\/v2\/posts"}],"about":[{"href":"https:\/\/ultimato.com.br\/sites\/blogdaultimato\/wp-json\/wp\/v2\/types\/post"}],"author":[{"embeddable":true,"href":"https:\/\/ultimato.com.br\/sites\/blogdaultimato\/wp-json\/wp\/v2\/users\/21"}],"replies":[{"embeddable":true,"href":"https:\/\/ultimato.com.br\/sites\/blogdaultimato\/wp-json\/wp\/v2\/comments?post=4318"}],"version-history":[{"count":16,"href":"https:\/\/ultimato.com.br\/sites\/blogdaultimato\/wp-json\/wp\/v2\/posts\/4318\/revisions"}],"predecessor-version":[{"id":4332,"href":"https:\/\/ultimato.com.br\/sites\/blogdaultimato\/wp-json\/wp\/v2\/posts\/4318\/revisions\/4332"}],"wp:attachment":[{"href":"https:\/\/ultimato.com.br\/sites\/blogdaultimato\/wp-json\/wp\/v2\/media?parent=4318"}],"wp:term":[{"taxonomy":"category","embeddable":true,"href":"https:\/\/ultimato.com.br\/sites\/blogdaultimato\/wp-json\/wp\/v2\/categories?post=4318"},{"taxonomy":"post_tag","embeddable":true,"href":"https:\/\/ultimato.com.br\/sites\/blogdaultimato\/wp-json\/wp\/v2\/tags?post=4318"}],"curies":[{"name":"wp","href":"https:\/\/api.w.org\/{rel}","templated":true}]}}