{"id":4292,"date":"2013-01-03T10:48:20","date_gmt":"2013-01-03T13:48:20","guid":{"rendered":"http:\/\/ultimato.com.br\/sites\/blogdaultimato\/?p=4292"},"modified":"2013-01-07T07:51:00","modified_gmt":"2013-01-07T10:51:00","slug":"obituario-de-revistas","status":"publish","type":"post","link":"https:\/\/ultimato.com.br\/sites\/blogdaultimato\/2013\/01\/03\/obituario-de-revistas\/","title":{"rendered":"Obitu\u00e1rio de revistas"},"content":{"rendered":"<p><a href=\"http:\/\/ultimato.com.br\/sites\/blogdaultimato\/files\/2013\/01\/newsweek_capas1.jpg\" class=\"lightview\" data-lightview-group=\"group-4292\" data-lightview-options=\"skin: 'dark', controls: 'relative', padding: '10', shadow: { color: '#000000', opacity: 0.08, blur: 3 }\" data-lightview-title=\"newsweek_capas\"><img loading=\"lazy\" decoding=\"async\" class=\"alignright size-thumbnail wp-image-4295\" title=\"newsweek_capas\" src=\"http:\/\/ultimato.com.br\/sites\/blogdaultimato\/files\/2013\/01\/newsweek_capas1-150x150.jpg\" alt=\"\" width=\"150\" height=\"150\" srcset=\"https:\/\/ultimato.com.br\/sites\/blogdaultimato\/files\/2013\/01\/newsweek_capas1-150x150.jpg 150w, https:\/\/ultimato.com.br\/sites\/blogdaultimato\/files\/2013\/01\/newsweek_capas1-80x80.jpg 80w\" sizes=\"auto, (max-width: 150px) 100vw, 150px\" \/><\/a>A edi\u00e7\u00e3o impressa da \u201cNewsweek\u201d, revista norte-americana concorrente de peso da \u201cTimes\u201d, morreu. Morreu tamb\u00e9m a inglesa \u201cWord\u201d, especializada em m\u00fasica, cinema e livros. Duas publica\u00e7\u00f5es de import\u00e2ncia internacional, mas que sucumbiram diante dos novos tempos.<br \/>\n<!--more--><\/p>\n<p>Para o colunista da BBC Brasil, <a href=\"http:\/\/www.bbc.co.uk\/portuguese\/noticias\/2013\/01\/130103_lucasmendes_rg.shtml\" target=\"_blank\">Lucas Mendes<\/a>, a \u201cNewsweek\u201d se foi porque, assim como outras revistas semanais, n\u00e3o deu conta de acompanhar a velocidade das informa\u00e7\u00f5es. \u201cA decad\u00eancia das revistas semanais coincide com a ascens\u00e3o do computador, da CNN e outras redes com not\u00edcias 24 horas por dia. Se havia not\u00edcia quente todos os dias, para que esperar pelas revistas, dias depois?\u201d, diz. A revista aposta agora no formato virtual.<\/p>\n<p>J\u00e1 a \u201cWord\u201d realmente se foi. Para o colunista da Folha, <a href=\"http:\/\/www1.folha.uol.com.br\/colunas\/alvaropereirajunior\/1123469-a-morte-de-uma-revista.shtml\" target=\"_blank\">\u00c1lvaro Pereira J\u00fanior<\/a>, \u00e9 \u201ctriste saber que, no mundo todo, t\u00e3o poucas pessoas se dispunham a pagar por uma publica\u00e7\u00e3o que conseguia acompanhar muito de perto as novidades &#8212; mas sem cair na doen\u00e7a infantil da imprensa musical, especialmente brit\u00e2nica, de buscar o novo pelo novo\u201d.<\/p>\n<p>Mas se at\u00e9 a poderosa \u201cTimes\u201d teve uma queda de circula\u00e7\u00e3o de 31% nos primeiros seis meses de 2012, h\u00e1 rumores de que o futuro de outras revistas semanais tamb\u00e9m esteja amea\u00e7ado.<\/p>\n","protected":false},"excerpt":{"rendered":"<p>A edi\u00e7\u00e3o impressa da \u201cNewsweek\u201d, revista norte-americana concorrente de peso da \u201cTimes\u201d, morreu. Morreu tamb\u00e9m a inglesa \u201cWord\u201d, especializada em m\u00fasica, cinema e livros. Duas publica\u00e7\u00f5es de import\u00e2ncia internacional, mas que sucumbiram diante dos novos tempos.<\/p>\n","protected":false},"author":21,"featured_media":0,"comment_status":"open","ping_status":"open","sticky":false,"template":"","format":"standard","meta":{"ngg_post_thumbnail":0,"footnotes":""},"categories":[6114],"tags":[5952],"class_list":["post-4292","post","type-post","status-publish","format-standard","hentry","category-ultimas-de-la","tag-revista"],"_links":{"self":[{"href":"https:\/\/ultimato.com.br\/sites\/blogdaultimato\/wp-json\/wp\/v2\/posts\/4292","targetHints":{"allow":["GET"]}}],"collection":[{"href":"https:\/\/ultimato.com.br\/sites\/blogdaultimato\/wp-json\/wp\/v2\/posts"}],"about":[{"href":"https:\/\/ultimato.com.br\/sites\/blogdaultimato\/wp-json\/wp\/v2\/types\/post"}],"author":[{"embeddable":true,"href":"https:\/\/ultimato.com.br\/sites\/blogdaultimato\/wp-json\/wp\/v2\/users\/21"}],"replies":[{"embeddable":true,"href":"https:\/\/ultimato.com.br\/sites\/blogdaultimato\/wp-json\/wp\/v2\/comments?post=4292"}],"version-history":[{"count":5,"href":"https:\/\/ultimato.com.br\/sites\/blogdaultimato\/wp-json\/wp\/v2\/posts\/4292\/revisions"}],"predecessor-version":[{"id":4296,"href":"https:\/\/ultimato.com.br\/sites\/blogdaultimato\/wp-json\/wp\/v2\/posts\/4292\/revisions\/4296"}],"wp:attachment":[{"href":"https:\/\/ultimato.com.br\/sites\/blogdaultimato\/wp-json\/wp\/v2\/media?parent=4292"}],"wp:term":[{"taxonomy":"category","embeddable":true,"href":"https:\/\/ultimato.com.br\/sites\/blogdaultimato\/wp-json\/wp\/v2\/categories?post=4292"},{"taxonomy":"post_tag","embeddable":true,"href":"https:\/\/ultimato.com.br\/sites\/blogdaultimato\/wp-json\/wp\/v2\/tags?post=4292"}],"curies":[{"name":"wp","href":"https:\/\/api.w.org\/{rel}","templated":true}]}}