{"id":4279,"date":"2012-12-20T07:25:19","date_gmt":"2012-12-20T10:25:19","guid":{"rendered":"http:\/\/ultimato.com.br\/sites\/blogdaultimato\/?p=4279"},"modified":"2012-12-20T07:25:19","modified_gmt":"2012-12-20T10:25:19","slug":"a-velha-historia","status":"publish","type":"post","link":"https:\/\/ultimato.com.br\/sites\/blogdaultimato\/2012\/12\/20\/a-velha-historia\/","title":{"rendered":"A velha hist\u00f3ria"},"content":{"rendered":"<p>A hist\u00f3ria do natal n\u00e3o principia em Bel\u00e9m da\u00a0Judeia\u00a0nem em Nazar\u00e9 da Galileia. Sua origem e raz\u00e3o remontam a tempo bem distante e a um ponto geogr\u00e1fico qualquer do Universo. Tudo come\u00e7a com um sentimento e com uma declara\u00e7\u00e3o de amor. Est\u00e1 escrito em Jo\u00e3o 3.16 &#8211; \u201cDeus amou ao mundo de tal maneira que deu o seu Filho\u00a0Unig\u00eanito\u00a0. O autor da Carta aos Hebreus tamb\u00e9m registra algo como uma conversa com Deus e Jesus Cristo. Ambos est\u00e3o consternados com a triste sorte do homem. Diante do problema criado pelo mal e j\u00e1 que sangue de touros e de bodes em holocaustos e ofertas n\u00e3o podem remover pecados, o Filho se oferece para a delicada e sofredora miss\u00e3o de tirar o pecado do mundo. \u201c<em>Eis aqui estou, para fazer, \u00f3 Deus, a tua vontade\u201d.<\/em> Fazia-se mister que ele descesse at\u00e9 o n\u00edvel do homem e com este se identificasse. O Filho precisava fazer-se carne, ser vis\u00edvel, aud\u00edvel e tang\u00edvel. No mesmo trecho das Escrituras (Hebreus, cap. 10), l\u00ea-se: \u201cCorpo me formaste\u201d. Onde? No ventre de uma virgem, que residia em Nazar\u00e9. A concep\u00e7\u00e3o foi sobrenatural.<\/p>\n<p>A partir deste passo, a hist\u00f3ria do Natal se desenrola em nosso planeta, naquela pequena faixa de terra entre a Europa, \u00c1sia e \u00c1frica. O sacerdote Zacarias \u00e9 notificado de que nasceria uma crian\u00e7a em sua casa. O filho receberia o nome de Jo\u00e3o e seria o preparador do terreno para a vinda do Messias. Seis meses depois, o mesmo anjo Gabriel que aparecera a Daniel, no Velho Testamento, e a Zacarias, foi \u00e0 casa de Maria, na Galileia, para comunicar-lhe que ela conceberia e daria \u00e0 luz a um filho. Tanto ela como o noivo Jos\u00e9 s\u00e3o suficientemente esclarecidos a respeito dos fatos que se dariam. N\u00e3o h\u00e1 lugar pra d\u00favidas e receios.<\/p>\n<p><!--more--><\/p>\n<p>O nascimento de Jesus se d\u00e1 em Bel\u00e9m por causa do decreto de C\u00e9sar Augusto. Numa manjedoura, porque n\u00e3o havia lugar para uma mulher gr\u00e1vida de nove meses na estalagem. O nascimento foi natural e igual ao de todas as crian\u00e7as. A data era de tal import\u00e2ncia que os c\u00e9us n\u00e3o se contiveram e houve uma eclos\u00e3o de anjos dando gl\u00f3ria a Deus nas maiores alturas. Os pastores deixaram as ovelhas e foram ver a Crian\u00e7a. Os magos vieram do Oriente para adorar e presentear o Rec\u00e9m-nascido. A participa\u00e7\u00e3o do nascimento foi feita pelo pr\u00f3prio anjo nos c\u00e9us de Bel\u00e9m: \u201cHoje vos nasceu na cidade de Davi, o salvador, que \u00e9 Cristo, o Senhor\u201d.<\/p>\n<p>Apesar de conter elementos aparentemente fantasiosos, esta \u00e9 a aut\u00eantica hist\u00f3ria do Natal, a hist\u00f3ria original, sem acr\u00e9scimos e sem cortes, sem mitos e desmitos. Ela se harmoniza com as profecias do Velho Testamento e \u00e9 corrente com a mensagem de toda a Escritura.<\/p>\n<p>\u201cNo princ\u00edpio era o Verbo, e o Verbo estava com Deus, e o Verbo era Deus. E o verbo se fez carne, e habitou entre n\u00f3s, cheio de gra\u00e7a e de verdade, e vimos a sua gl\u00f3ria, gl\u00f3ria como do unig\u00eanito do Pai\u201d.<\/p>\n<p>(Jo\u00e3o 1:1 e 14.)<\/p>\n<p style=\"text-align: left;\" align=\"right\"><strong>&lt;&lt; Ultimato, novembro de 1968<\/strong><\/p>\n<p style=\"text-align: left;\" align=\"right\"><a href=\"http:\/\/ultimato.com.br\/sites\/blogdaultimato\/files\/2012\/12\/selo_nspn24.jpg\" class=\"lightview\" data-lightview-group=\"group-4279\" data-lightview-options=\"skin: 'dark', controls: 'relative', padding: '10', shadow: { color: '#000000', opacity: 0.08, blur: 3 }\" data-lightview-title=\"selo_nspn2\"><img loading=\"lazy\" decoding=\"async\" class=\"alignleft size-thumbnail wp-image-4280\" title=\"selo_nspn2\" src=\"http:\/\/ultimato.com.br\/sites\/blogdaultimato\/files\/2012\/12\/selo_nspn24-150x150.jpg\" alt=\"\" width=\"150\" height=\"150\" srcset=\"https:\/\/ultimato.com.br\/sites\/blogdaultimato\/files\/2012\/12\/selo_nspn24-150x150.jpg 150w, https:\/\/ultimato.com.br\/sites\/blogdaultimato\/files\/2012\/12\/selo_nspn24-80x80.jpg 80w\" sizes=\"auto, (max-width: 150px) 100vw, 150px\" \/><\/a><\/p>\n","protected":false},"excerpt":{"rendered":"<p>A hist\u00f3ria do natal n\u00e3o principia em Bel\u00e9m da\u00a0Judeia\u00a0nem em Nazar\u00e9 da Galileia. Sua origem e raz\u00e3o remontam a tempo bem distante e a um ponto geogr\u00e1fico qualquer do Universo. Tudo come\u00e7a com um sentimento e com uma declara\u00e7\u00e3o de amor. Est\u00e1 escrito em Jo\u00e3o 3.16 &#8211; \u201cDeus amou ao mundo de tal maneira que [&#8230;]<\/p>\n","protected":false},"author":21,"featured_media":0,"comment_status":"open","ping_status":"open","sticky":false,"template":"","format":"standard","meta":{"ngg_post_thumbnail":0,"footnotes":""},"categories":[16211],"tags":[],"class_list":["post-4279","post","type-post","status-publish","format-standard","hentry","category-por-um-natal-sem-papai-noel"],"_links":{"self":[{"href":"https:\/\/ultimato.com.br\/sites\/blogdaultimato\/wp-json\/wp\/v2\/posts\/4279","targetHints":{"allow":["GET"]}}],"collection":[{"href":"https:\/\/ultimato.com.br\/sites\/blogdaultimato\/wp-json\/wp\/v2\/posts"}],"about":[{"href":"https:\/\/ultimato.com.br\/sites\/blogdaultimato\/wp-json\/wp\/v2\/types\/post"}],"author":[{"embeddable":true,"href":"https:\/\/ultimato.com.br\/sites\/blogdaultimato\/wp-json\/wp\/v2\/users\/21"}],"replies":[{"embeddable":true,"href":"https:\/\/ultimato.com.br\/sites\/blogdaultimato\/wp-json\/wp\/v2\/comments?post=4279"}],"version-history":[{"count":2,"href":"https:\/\/ultimato.com.br\/sites\/blogdaultimato\/wp-json\/wp\/v2\/posts\/4279\/revisions"}],"predecessor-version":[{"id":4282,"href":"https:\/\/ultimato.com.br\/sites\/blogdaultimato\/wp-json\/wp\/v2\/posts\/4279\/revisions\/4282"}],"wp:attachment":[{"href":"https:\/\/ultimato.com.br\/sites\/blogdaultimato\/wp-json\/wp\/v2\/media?parent=4279"}],"wp:term":[{"taxonomy":"category","embeddable":true,"href":"https:\/\/ultimato.com.br\/sites\/blogdaultimato\/wp-json\/wp\/v2\/categories?post=4279"},{"taxonomy":"post_tag","embeddable":true,"href":"https:\/\/ultimato.com.br\/sites\/blogdaultimato\/wp-json\/wp\/v2\/tags?post=4279"}],"curies":[{"name":"wp","href":"https:\/\/api.w.org\/{rel}","templated":true}]}}