{"id":4258,"date":"2012-12-17T13:51:32","date_gmt":"2012-12-17T16:51:32","guid":{"rendered":"http:\/\/ultimato.com.br\/sites\/blogdaultimato\/?p=4258"},"modified":"2012-12-17T13:53:25","modified_gmt":"2012-12-17T16:53:25","slug":"o-futuro-do-livro-e-o-livro-do-futuro","status":"publish","type":"post","link":"https:\/\/ultimato.com.br\/sites\/blogdaultimato\/2012\/12\/17\/o-futuro-do-livro-e-o-livro-do-futuro\/","title":{"rendered":"O futuro do livro e o livro do futuro"},"content":{"rendered":"<p>Para quem sabe e para quem n\u00e3o tem ideia do futuro, a <a href=\"http:\/\/www.intrinseca.com.br\/site\/\">Editora Intr\u00ednseca<\/a> d\u00e1 uma sugest\u00e3o.<br \/>\nLeia tamb\u00e9m a <a href=\"http:\/\/ultimato.com.br\/sites\/blogdaultimato\/2012\/11\/19\/ultimato-na-capa-do-jornal-nosso-tempo\/\">entrevista<\/a> do nosso diretor editorial ao Jornal Nosso Tempo sobre o mercado editorial crist\u00e3o e a sobreviv\u00eancia ou n\u00e3o da m\u00eddia impressa.<br \/>\n<iframe loading=\"lazy\" width=\"750\" height=\"422\" src=\"https:\/\/www.youtube.com\/embed\/OAEhjkSgmFc?feature=oembed\" frameborder=\"0\" allowfullscreen><\/iframe><\/p>\n","protected":false},"excerpt":{"rendered":"<p>Para quem sabe e para quem n\u00e3o tem ideia do futuro, a Editora Intr\u00ednseca d\u00e1 uma sugest\u00e3o.<br \/>\nLeia tamb\u00e9m a entrevista do nosso diretor editorial ao Jornal Nosso Tempo sobre o mercado editorial crist\u00e3o e a sobreviv\u00eancia ou n\u00e3o da m\u00eddia impressa.<\/p>\n","protected":false},"author":6,"featured_media":0,"comment_status":"open","ping_status":"open","sticky":false,"template":"","format":"standard","meta":{"ngg_post_thumbnail":0,"footnotes":""},"categories":[9536],"tags":[],"class_list":["post-4258","post","type-post","status-publish","format-standard","hentry","category-do-editor"],"_links":{"self":[{"href":"https:\/\/ultimato.com.br\/sites\/blogdaultimato\/wp-json\/wp\/v2\/posts\/4258","targetHints":{"allow":["GET"]}}],"collection":[{"href":"https:\/\/ultimato.com.br\/sites\/blogdaultimato\/wp-json\/wp\/v2\/posts"}],"about":[{"href":"https:\/\/ultimato.com.br\/sites\/blogdaultimato\/wp-json\/wp\/v2\/types\/post"}],"author":[{"embeddable":true,"href":"https:\/\/ultimato.com.br\/sites\/blogdaultimato\/wp-json\/wp\/v2\/users\/6"}],"replies":[{"embeddable":true,"href":"https:\/\/ultimato.com.br\/sites\/blogdaultimato\/wp-json\/wp\/v2\/comments?post=4258"}],"version-history":[{"count":5,"href":"https:\/\/ultimato.com.br\/sites\/blogdaultimato\/wp-json\/wp\/v2\/posts\/4258\/revisions"}],"predecessor-version":[{"id":4262,"href":"https:\/\/ultimato.com.br\/sites\/blogdaultimato\/wp-json\/wp\/v2\/posts\/4258\/revisions\/4262"}],"wp:attachment":[{"href":"https:\/\/ultimato.com.br\/sites\/blogdaultimato\/wp-json\/wp\/v2\/media?parent=4258"}],"wp:term":[{"taxonomy":"category","embeddable":true,"href":"https:\/\/ultimato.com.br\/sites\/blogdaultimato\/wp-json\/wp\/v2\/categories?post=4258"},{"taxonomy":"post_tag","embeddable":true,"href":"https:\/\/ultimato.com.br\/sites\/blogdaultimato\/wp-json\/wp\/v2\/tags?post=4258"}],"curies":[{"name":"wp","href":"https:\/\/api.w.org\/{rel}","templated":true}]}}