{"id":4246,"date":"2012-12-14T08:33:59","date_gmt":"2012-12-14T11:33:59","guid":{"rendered":"http:\/\/ultimato.com.br\/sites\/blogdaultimato\/?p=4246"},"modified":"2012-12-14T08:46:13","modified_gmt":"2012-12-14T11:46:13","slug":"a-busca-dos-magos","status":"publish","type":"post","link":"https:\/\/ultimato.com.br\/sites\/blogdaultimato\/2012\/12\/14\/a-busca-dos-magos\/","title":{"rendered":"A busca dos Magos"},"content":{"rendered":"<p><strong>Por Haroldo Cook<\/strong><\/p>\n<p>\u201cVieram do Oriente uns magos a Jerusal\u00e9m, perguntando: onde est\u00e1 aquele que nasceu Rei dos Judeus? Porque vimos a sua estrela no Oriente, e viemos ador\u00e1-lo.\u201d (Mt 2.1,2).<\/p>\n<p>A respeito dessa busca, notemos:<\/p>\n<p>I \u2013 <em>A finalidade da busca<\/em>. Estes magos eram gentios, e assim n\u00e3o perguntaram \u201cOnde est\u00e1 <em>nosso Rei<\/em>?\u201d Mas devido \u00e0s profecias de Isa\u00edas, houve uma expectativa geral sobre a vinda do Rei dos Judeus. Queriam v\u00ea-lo. N\u00e3o vieram entrevistar outros magos, ou fil\u00f3sofos judaicos, nem negociar. Evidentemente, eram crentes em Deus e na sua terra tinham alguma revela\u00e7\u00e3o divina, pois falaram de um acontecimento que j\u00e1 havia se d\u00e3o \u2013 \u201caquele que nasceu\u201d. O Messias prometido n\u00e3o chegou como os Judeus imaginaram que um rei deveria chegar, e por isso n\u00e3o O reconheceram; Mas os magos n\u00e3o tiveram preconceitos, queriam ver o Rei de qualquer maneira. Fazem-nos lembrar daqueles gregos que mais tarde disseram a Felipe: \u201cSenhor, queremos ver a Jesus\u201d (Jo\u00e3o 12.21).<\/p>\n<p>II \u2013 <em>A origem da busca<\/em>. \u201cVimos a sua estrela no Oriente\u201d. Esta n\u00e3o foi uma estrela qualquer, mas uma estrela especial. Foi \u201csua estrela\u201d, escolhida por Deus. Fez viagem, guiada por Deus, para chegar onde foi vista pelos magos. Pairou no Oriente, o lugar de esperan\u00e7a. E no Oriente onde o sol nasce, come\u00e7ando o novo dia. Mais tarde, a mesma estrela \u201cia adiante deles, at\u00e9 que parou sobre o lugar onde estava o menino\u201d (Mat. 2.9). Que estrela privilegiada: Entre as milhares de estrelas do espa\u00e7o infinito, esta foi honrada em ser \u201csua estrela.\u201d Quando Deus falou com J\u00f3 a respeito da cria\u00e7\u00e3o do mundo, Ele disse que as \u201cestrelas da alva juntas alegremente cantavam\u201d (J\u00f3 38.7). Ser\u00e1 que elas repetiram esse c\u00e2ntico quando chegou \u201ca brilhante estrela da manh\u00e3?\u201d (Ap 22.16). Caso sim, sem d\u00favida, a estrela especial do seu nascimento cantou com elas.<\/p>\n<p><!--more--><\/p>\n<p>III \u2013 <em>O motivo da busca<\/em>. \u201cViemos ador\u00e1-lo!\u201d \u201cEntrando na casa, viram o menino com Maria, sua m\u00e3e. Prostrando-se, O adoraram; e, abrindo os seus tesouros, entregaram-Lhe suas ofertas: ouro, incenso e mirra\u201d (ver. 11). N\u00e3o honraram assim o rei Herodes, mas esta criancinha mereceu a melhor homenagem que podiam prestar. Quanto mais o crucificado e ressuscitado merece a nossa adora\u00e7\u00e3o! Isa\u00edas profetizou que \u201ctrar\u00e3o ouro e incenso\u201d. Vamos ador\u00e1-lo, n\u00e3o somente por palavras, mas tamb\u00e9m em nossas vidas.<\/p>\n<p style=\"text-align: left;\" align=\"right\"><strong>&lt;&lt; Ultimato, novembro de 1968<\/strong><\/p>\n<p style=\"text-align: left;\" align=\"right\"><a href=\"http:\/\/ultimato.com.br\/sites\/blogdaultimato\/files\/2012\/12\/selo_nspn22.jpg\" class=\"lightview\" data-lightview-group=\"group-4246\" data-lightview-options=\"skin: 'dark', controls: 'relative', padding: '10', shadow: { color: '#000000', opacity: 0.08, blur: 3 }\" data-lightview-title=\"selo_nspn2\"><img loading=\"lazy\" decoding=\"async\" class=\"alignleft size-thumbnail wp-image-4249\" title=\"selo_nspn2\" src=\"http:\/\/ultimato.com.br\/sites\/blogdaultimato\/files\/2012\/12\/selo_nspn22-150x150.jpg\" alt=\"\" width=\"150\" height=\"150\" srcset=\"https:\/\/ultimato.com.br\/sites\/blogdaultimato\/files\/2012\/12\/selo_nspn22-150x150.jpg 150w, https:\/\/ultimato.com.br\/sites\/blogdaultimato\/files\/2012\/12\/selo_nspn22-80x80.jpg 80w\" sizes=\"auto, (max-width: 150px) 100vw, 150px\" \/><\/a><\/p>\n","protected":false},"excerpt":{"rendered":"<p>Por Haroldo Cook<br \/>\n\u201cVieram do Oriente uns magos a Jerusal\u00e9m, perguntando: onde est\u00e1 aquele que nasceu Rei dos Judeus? Porque vimos a sua estrela no Oriente, e viemos ador\u00e1-lo.\u201d (Mt 2.1,2).<br \/>\nA respeito dessa busca, notemos:<br \/>\nI \u2013 A finalidade da busca. Estes magos eram gentios, e assim n\u00e3o perguntaram \u201cOnde est\u00e1 nosso Rei?\u201d Mas devido \u00e0s profecias [&#8230;]<\/p>\n","protected":false},"author":21,"featured_media":0,"comment_status":"open","ping_status":"open","sticky":false,"template":"","format":"standard","meta":{"ngg_post_thumbnail":0,"footnotes":""},"categories":[16211],"tags":[103,16214,82,9558],"class_list":["post-4246","post","type-post","status-publish","format-standard","hentry","category-por-um-natal-sem-papai-noel","tag-jesus","tag-magos","tag-natal","tag-natal-sem-papai-noel"],"_links":{"self":[{"href":"https:\/\/ultimato.com.br\/sites\/blogdaultimato\/wp-json\/wp\/v2\/posts\/4246","targetHints":{"allow":["GET"]}}],"collection":[{"href":"https:\/\/ultimato.com.br\/sites\/blogdaultimato\/wp-json\/wp\/v2\/posts"}],"about":[{"href":"https:\/\/ultimato.com.br\/sites\/blogdaultimato\/wp-json\/wp\/v2\/types\/post"}],"author":[{"embeddable":true,"href":"https:\/\/ultimato.com.br\/sites\/blogdaultimato\/wp-json\/wp\/v2\/users\/21"}],"replies":[{"embeddable":true,"href":"https:\/\/ultimato.com.br\/sites\/blogdaultimato\/wp-json\/wp\/v2\/comments?post=4246"}],"version-history":[{"count":4,"href":"https:\/\/ultimato.com.br\/sites\/blogdaultimato\/wp-json\/wp\/v2\/posts\/4246\/revisions"}],"predecessor-version":[{"id":4255,"href":"https:\/\/ultimato.com.br\/sites\/blogdaultimato\/wp-json\/wp\/v2\/posts\/4246\/revisions\/4255"}],"wp:attachment":[{"href":"https:\/\/ultimato.com.br\/sites\/blogdaultimato\/wp-json\/wp\/v2\/media?parent=4246"}],"wp:term":[{"taxonomy":"category","embeddable":true,"href":"https:\/\/ultimato.com.br\/sites\/blogdaultimato\/wp-json\/wp\/v2\/categories?post=4246"},{"taxonomy":"post_tag","embeddable":true,"href":"https:\/\/ultimato.com.br\/sites\/blogdaultimato\/wp-json\/wp\/v2\/tags?post=4246"}],"curies":[{"name":"wp","href":"https:\/\/api.w.org\/{rel}","templated":true}]}}