{"id":4183,"date":"2012-11-29T09:31:09","date_gmt":"2012-11-29T12:31:09","guid":{"rendered":"http:\/\/ultimato.com.br\/sites\/blogdaultimato\/?p=4183"},"modified":"2012-11-29T10:39:30","modified_gmt":"2012-11-29T13:39:30","slug":"c-s-lewis-1898-1963-tanto-la-como-ca","status":"publish","type":"post","link":"https:\/\/ultimato.com.br\/sites\/blogdaultimato\/2012\/11\/29\/c-s-lewis-1898-1963-tanto-la-como-ca\/","title":{"rendered":"C. S. Lewis (1898-1963), tanto l\u00e1 como c\u00e1"},"content":{"rendered":"<p><a href=\"http:\/\/ultimato.com.br\/sites\/blogdaultimato\/files\/2012\/11\/Lewis_destaque.jpg\" class=\"lightview\" data-lightview-group=\"group-4183\" data-lightview-options=\"skin: 'dark', controls: 'relative', padding: '10', shadow: { color: '#000000', opacity: 0.08, blur: 3 }\" data-lightview-title=\"Lewis_destaque\"><img loading=\"lazy\" decoding=\"async\" class=\"alignleft size-full wp-image-4190\" title=\"Lewis_destaque\" src=\"http:\/\/ultimato.com.br\/sites\/blogdaultimato\/files\/2012\/11\/Lewis_destaque.jpg\" alt=\"\" width=\"80\" height=\"80\" \/><\/a>O mais conhecido pensador crist\u00e3o do s\u00e9culo 20, C. S. Lewis (1898-1963), ser\u00e1 homenageado em 2013 na <em>Esquina dos Poetas<\/em>, localizada na Abadia de Westminster, em Londres. Lewis vai se juntar a Charles Dickens, William Blake e T. S. Eliot, em uma tradi\u00e7\u00e3o de mais de 600 anos. [<a href=\"http:\/\/www.cbc.ca\/news\/arts\/story\/2012\/11\/23\/cs-lewis-poets-corner.html\">CBC News<\/a> e <a href=\"http:\/\/www.bbc.co.uk\/news\/entertainment-arts-20426778\">BBC<\/a>]<\/p>\n<p>Aqui, para celebrar o legado e os 50 anos da morte de um dos gigantes intelectuais crist\u00e3os, Ultimato faz o relan\u00e7amento do seu <a href=\"http:\/\/www.ultimato.com.br\/loja\/produtos\/um-ano-com-c-s-lewis\">Um Ano com C. S. Lewis<\/a>, uma colet\u00e2nea preciosa dos cl\u00e1ssicos <em>Cristianismo Puro e Simples<\/em>, <em>Cartas do Diabo a seu Aprendiz<\/em>, <em>O Problema do Sofrimento<\/em>, <em>Milagres<\/em>, entre outros.<\/p>\n<p>Abaixo, a l\u00e1pide em homenagem a Charles Dickens, na Abadia de Westminister.<\/p>\n<p><a href=\"http:\/\/ultimato.com.br\/sites\/blogdaultimato\/files\/2012\/11\/post_lewis_dickens.jpg\" class=\"lightview\" data-lightview-group=\"group-4183\" data-lightview-options=\"skin: 'dark', controls: 'relative', padding: '10', shadow: { color: '#000000', opacity: 0.08, blur: 3 }\" data-lightview-title=\"post_lewis_dickens\"><img loading=\"lazy\" decoding=\"async\" class=\"alignleft size-full wp-image-4184\" title=\"post_lewis_dickens\" src=\"http:\/\/ultimato.com.br\/sites\/blogdaultimato\/files\/2012\/11\/post_lewis_dickens.jpg\" alt=\"\" width=\"400\" height=\"142\" srcset=\"https:\/\/ultimato.com.br\/sites\/blogdaultimato\/files\/2012\/11\/post_lewis_dickens.jpg 400w, https:\/\/ultimato.com.br\/sites\/blogdaultimato\/files\/2012\/11\/post_lewis_dickens-300x106.jpg 300w, https:\/\/ultimato.com.br\/sites\/blogdaultimato\/files\/2012\/11\/post_lewis_dickens-150x53.jpg 150w\" sizes=\"auto, (max-width: 400px) 100vw, 400px\" \/><\/a><\/p>\n","protected":false},"excerpt":{"rendered":"<p>O mais conhecido pensador crist\u00e3o do s\u00e9culo 20, C. S. Lewis (1898-1963), ser\u00e1 homenageado em 2013 na Esquina dos Poetas, localizada na Abadia de Westminster, em Londres. Lewis vai se juntar a Charles Dickens, William Blake e T. S. Eliot, em uma tradi\u00e7\u00e3o de mais de 600 anos. [CBC News e BBC]<br \/>\nAqui, para celebrar o [&#8230;]<\/p>\n","protected":false},"author":6,"featured_media":0,"comment_status":"open","ping_status":"open","sticky":false,"template":"","format":"standard","meta":{"ngg_post_thumbnail":0,"footnotes":""},"categories":[5153],"tags":[],"class_list":["post-4183","post","type-post","status-publish","format-standard","hentry","category-prateleira"],"_links":{"self":[{"href":"https:\/\/ultimato.com.br\/sites\/blogdaultimato\/wp-json\/wp\/v2\/posts\/4183","targetHints":{"allow":["GET"]}}],"collection":[{"href":"https:\/\/ultimato.com.br\/sites\/blogdaultimato\/wp-json\/wp\/v2\/posts"}],"about":[{"href":"https:\/\/ultimato.com.br\/sites\/blogdaultimato\/wp-json\/wp\/v2\/types\/post"}],"author":[{"embeddable":true,"href":"https:\/\/ultimato.com.br\/sites\/blogdaultimato\/wp-json\/wp\/v2\/users\/6"}],"replies":[{"embeddable":true,"href":"https:\/\/ultimato.com.br\/sites\/blogdaultimato\/wp-json\/wp\/v2\/comments?post=4183"}],"version-history":[{"count":4,"href":"https:\/\/ultimato.com.br\/sites\/blogdaultimato\/wp-json\/wp\/v2\/posts\/4183\/revisions"}],"predecessor-version":[{"id":4188,"href":"https:\/\/ultimato.com.br\/sites\/blogdaultimato\/wp-json\/wp\/v2\/posts\/4183\/revisions\/4188"}],"wp:attachment":[{"href":"https:\/\/ultimato.com.br\/sites\/blogdaultimato\/wp-json\/wp\/v2\/media?parent=4183"}],"wp:term":[{"taxonomy":"category","embeddable":true,"href":"https:\/\/ultimato.com.br\/sites\/blogdaultimato\/wp-json\/wp\/v2\/categories?post=4183"},{"taxonomy":"post_tag","embeddable":true,"href":"https:\/\/ultimato.com.br\/sites\/blogdaultimato\/wp-json\/wp\/v2\/tags?post=4183"}],"curies":[{"name":"wp","href":"https:\/\/api.w.org\/{rel}","templated":true}]}}