{"id":4120,"date":"2012-11-13T09:46:58","date_gmt":"2012-11-13T12:46:58","guid":{"rendered":"http:\/\/ultimato.com.br\/sites\/blogdaultimato\/?p=4120"},"modified":"2012-11-13T10:47:16","modified_gmt":"2012-11-13T13:47:16","slug":"o-fim-dos-editores-por-tony-bellotto","status":"publish","type":"post","link":"https:\/\/ultimato.com.br\/sites\/blogdaultimato\/2012\/11\/13\/o-fim-dos-editores-por-tony-bellotto\/","title":{"rendered":"O fim dos editores, por Tony Bellotto"},"content":{"rendered":"<p><span style=\"color: #000000;\">N\u00e3o raro algu\u00e9m anuncia o fim dos editores. Decantada em verso e prosa pela Amazon e Apple, a alforria dos autores viria com a auto-publica\u00e7\u00e3o ou self-publishing, como gostam os mais refinados. Se depender do escritor e (mais) conhecido guitarrista dos Tit\u00e3s, Tony Bellotto, os editores podem dormir tranquilos. O fim n\u00e3o est\u00e1 pr\u00f3ximo. Ali\u00e1s, para o autor, publicado pela Companhia das Letras, os editores t\u00eam outro fim. Confira.<\/span><\/p>\n<p><strong>Notas do subterr\u00e2neo<em><em>, <\/em><\/em><\/strong>por<em><em> Tony Bellotto<\/em><\/em><\/p>\n<p><a href=\"http:\/\/ultimato.com.br\/sites\/blogdaultimato\/files\/2012\/11\/Tony-Bellotto.jpg\" class=\"lightview\" data-lightview-group=\"group-4120\" data-lightview-options=\"skin: 'dark', controls: 'relative', padding: '10', shadow: { color: '#000000', opacity: 0.08, blur: 3 }\" data-lightview-title=\"Tony-Bellotto\"><img loading=\"lazy\" decoding=\"async\" class=\"alignright size-full wp-image-4121\" title=\"Tony-Bellotto\" src=\"http:\/\/ultimato.com.br\/sites\/blogdaultimato\/files\/2012\/11\/Tony-Bellotto.jpg\" alt=\"\" width=\"203\" height=\"165\" srcset=\"https:\/\/ultimato.com.br\/sites\/blogdaultimato\/files\/2012\/11\/Tony-Bellotto.jpg 203w, https:\/\/ultimato.com.br\/sites\/blogdaultimato\/files\/2012\/11\/Tony-Bellotto-150x121.jpg 150w\" sizes=\"auto, (max-width: 203px) 100vw, 203px\" \/><\/a>A sa\u00edda da Marta Garcia desta Casa me deixa \u00f3rf\u00e3o. A mim e aos meus livros, j\u00e1 que ela editou toda a minha vasta obra liter\u00e1ria, os meus seis romances publicados, mais o que est\u00e1 por ser publicado no in\u00edcio do ano que vem,\u00a0<em>Machu-Picchu<\/em>. O \u00fanico livro que escrevi e a Marta n\u00e3o editou foi\u00a0<em>O livro do guitarrista<\/em>, editado pela Maria Em\u00edlia Bender, que tamb\u00e9m est\u00e1 saindo da editora, o que faz de mim um escritor duplamente \u00f3rf\u00e3o. Foram 18 anos de colabora\u00e7\u00e3o. Ao contr\u00e1rio de v\u00e1rios escritores, sempre prezei a fun\u00e7\u00e3o do editor, no meu entender uma contribui\u00e7\u00e3o fundamental e imprescind\u00edvel ao trabalho liter\u00e1rio. E a Marta soube me dar trabalho. E como. Registro aqui minha gratid\u00e3o \u00e0s duas editoras, e desejo-lhes a melhor sorte do mundo em suas novas empreitadas. Talento e experi\u00eancia as duas t\u00eam de sobra. Aproveito para dar um al\u00f4 para o Andr\u00e9 Conti, meu novo editor na casa&#8230;<\/p>\n<p>Para ler a coluna na \u00edntegra, acesse o blog da <a href=\"http:\/\/www.blogdacompanhia.com.br\/category\/colunistas\/tony-bellotto\/\">Companhia das Letras<\/a>.<\/p>\n","protected":false},"excerpt":{"rendered":"<p>N\u00e3o raro algu\u00e9m anuncia o fim dos editores. Decantada em verso e prosa pela Amazon e Apple, a alforria dos autores viria com a auto-publica\u00e7\u00e3o ou self-publishing, como gostam os mais refinados. Se depender do escritor e (mais) conhecido guitarrista dos Tit\u00e3s, Tony Bellotto, os editores podem dormir tranquilos. O fim n\u00e3o est\u00e1 pr\u00f3ximo. Ali\u00e1s, [&#8230;]<\/p>\n","protected":false},"author":6,"featured_media":0,"comment_status":"open","ping_status":"open","sticky":false,"template":"","format":"standard","meta":{"ngg_post_thumbnail":0,"footnotes":""},"categories":[9536],"tags":[],"class_list":["post-4120","post","type-post","status-publish","format-standard","hentry","category-do-editor"],"_links":{"self":[{"href":"https:\/\/ultimato.com.br\/sites\/blogdaultimato\/wp-json\/wp\/v2\/posts\/4120","targetHints":{"allow":["GET"]}}],"collection":[{"href":"https:\/\/ultimato.com.br\/sites\/blogdaultimato\/wp-json\/wp\/v2\/posts"}],"about":[{"href":"https:\/\/ultimato.com.br\/sites\/blogdaultimato\/wp-json\/wp\/v2\/types\/post"}],"author":[{"embeddable":true,"href":"https:\/\/ultimato.com.br\/sites\/blogdaultimato\/wp-json\/wp\/v2\/users\/6"}],"replies":[{"embeddable":true,"href":"https:\/\/ultimato.com.br\/sites\/blogdaultimato\/wp-json\/wp\/v2\/comments?post=4120"}],"version-history":[{"count":8,"href":"https:\/\/ultimato.com.br\/sites\/blogdaultimato\/wp-json\/wp\/v2\/posts\/4120\/revisions"}],"predecessor-version":[{"id":4129,"href":"https:\/\/ultimato.com.br\/sites\/blogdaultimato\/wp-json\/wp\/v2\/posts\/4120\/revisions\/4129"}],"wp:attachment":[{"href":"https:\/\/ultimato.com.br\/sites\/blogdaultimato\/wp-json\/wp\/v2\/media?parent=4120"}],"wp:term":[{"taxonomy":"category","embeddable":true,"href":"https:\/\/ultimato.com.br\/sites\/blogdaultimato\/wp-json\/wp\/v2\/categories?post=4120"},{"taxonomy":"post_tag","embeddable":true,"href":"https:\/\/ultimato.com.br\/sites\/blogdaultimato\/wp-json\/wp\/v2\/tags?post=4120"}],"curies":[{"name":"wp","href":"https:\/\/api.w.org\/{rel}","templated":true}]}}