{"id":4092,"date":"2012-10-30T09:31:55","date_gmt":"2012-10-30T12:31:55","guid":{"rendered":"http:\/\/ultimato.com.br\/sites\/blogdaultimato\/?p=4092"},"modified":"2014-09-18T09:43:23","modified_gmt":"2014-09-18T12:43:23","slug":"a-reforma-em-imagens","status":"publish","type":"post","link":"https:\/\/ultimato.com.br\/sites\/blogdaultimato\/2012\/10\/30\/a-reforma-em-imagens\/","title":{"rendered":"A Reforma em imagens"},"content":{"rendered":"<div class=\"prezi-player\">\n<p>N\u00e3o havia blogueiro de plant\u00e3o, Twitter e nem Facebook. No entanto, Lutero fez muito barulho e, em 2017, vamos celebrar 500 anos da Reforma. Claro, voc\u00ea n\u00e3o viu nada. Por isso, Ultimato d\u00e1 uma ajuda. Basta um clique.<\/p>\n<\/div>\n<div class=\"prezi-player\"><object id=\"prezi_hc69qvkp-_qr\" name=\"prezi_hc69qvkp-_qr\" width=\"550\" height=\"400\" classid=\"clsid:d27cdb6e-ae6d-11cf-96b8-444553540000\" codebase=\"http:\/\/download.macromedia.com\/pub\/shockwave\/cabs\/flash\/swflash.cab#version=6,0,40,0\"><param name=\"allowfullscreen\" value=\"true\" \/><param name=\"allowFullScreenInteractive\" value=\"true\" \/><param name=\"allowscriptaccess\" value=\"always\" \/><param name=\"wmode\" value=\"direct\" \/><param name=\"flashvars\" value=\"prezi_id=hc69qvkp-_qr&amp;lock_to_path=0&amp;color=ffffff&amp;autoplay=no&amp;autohide_ctrls=0\" \/><param name=\"src\" value=\"http:\/\/prezi.com\/bin\/preziloader.swf\" \/><param name=\"allowfullscreeninteractive\" value=\"true\" \/><embed id=\"prezi_hc69qvkp-_qr\" width=\"550\" height=\"400\" type=\"application\/x-shockwave-flash\" src=\"http:\/\/prezi.com\/bin\/preziloader.swf\" allowfullscreen=\"allowfullscreen\" allowfullscreeninteractive=\"true\" allowscriptaccess=\"always\" wmode=\"direct\" flashvars=\"prezi_id=hc69qvkp-_qr&amp;lock_to_path=0&amp;color=ffffff&amp;autoplay=no&amp;autohide_ctrls=0\" allowfullscreeninteractive=\"true\" name=\"prezi_hc69qvkp-_qr\" bgcolor=\"#ffffff\" \/><\/object><\/p>\n<div class=\"prezi-player-links\">\n<p><a title=\"A Reforma Protestante em imagens\" href=\"http:\/\/prezi.com\/hc69qvkp-_qr\/a-reforma-protestante-em-imagens\/\">A Reforma Protestante em imagens<\/a><\/p>\n<p>Gravuras: reprodu\u00e7\u00e3o do livro &#8220;The History of Protestantism&#8221;.<\/p>\n<\/div>\n<\/div>\n","protected":false},"excerpt":{"rendered":"<p>N\u00e3o havia blogueiro de plant\u00e3o, Twitter e nem Facebook. No entanto, Lutero fez muito barulho e, em 2017, vamos celebrar 500 anos da Reforma. Claro, voc\u00ea n\u00e3o viu nada. Por isso, Ultimato d\u00e1 uma ajuda. Basta um clique.<\/p>\n<p>A Reforma Protestante em imagens<br \/>\nGravuras: reprodu\u00e7\u00e3o do livro &#8220;The History of Protestantism&#8221;.<\/p>\n","protected":false},"author":6,"featured_media":0,"comment_status":"open","ping_status":"open","sticky":false,"template":"","format":"standard","meta":{"ngg_post_thumbnail":0,"footnotes":""},"categories":[9536],"tags":[],"class_list":["post-4092","post","type-post","status-publish","format-standard","hentry","category-do-editor"],"_links":{"self":[{"href":"https:\/\/ultimato.com.br\/sites\/blogdaultimato\/wp-json\/wp\/v2\/posts\/4092","targetHints":{"allow":["GET"]}}],"collection":[{"href":"https:\/\/ultimato.com.br\/sites\/blogdaultimato\/wp-json\/wp\/v2\/posts"}],"about":[{"href":"https:\/\/ultimato.com.br\/sites\/blogdaultimato\/wp-json\/wp\/v2\/types\/post"}],"author":[{"embeddable":true,"href":"https:\/\/ultimato.com.br\/sites\/blogdaultimato\/wp-json\/wp\/v2\/users\/6"}],"replies":[{"embeddable":true,"href":"https:\/\/ultimato.com.br\/sites\/blogdaultimato\/wp-json\/wp\/v2\/comments?post=4092"}],"version-history":[{"count":9,"href":"https:\/\/ultimato.com.br\/sites\/blogdaultimato\/wp-json\/wp\/v2\/posts\/4092\/revisions"}],"predecessor-version":[{"id":5888,"href":"https:\/\/ultimato.com.br\/sites\/blogdaultimato\/wp-json\/wp\/v2\/posts\/4092\/revisions\/5888"}],"wp:attachment":[{"href":"https:\/\/ultimato.com.br\/sites\/blogdaultimato\/wp-json\/wp\/v2\/media?parent=4092"}],"wp:term":[{"taxonomy":"category","embeddable":true,"href":"https:\/\/ultimato.com.br\/sites\/blogdaultimato\/wp-json\/wp\/v2\/categories?post=4092"},{"taxonomy":"post_tag","embeddable":true,"href":"https:\/\/ultimato.com.br\/sites\/blogdaultimato\/wp-json\/wp\/v2\/tags?post=4092"}],"curies":[{"name":"wp","href":"https:\/\/api.w.org\/{rel}","templated":true}]}}