{"id":4085,"date":"2012-10-29T08:35:05","date_gmt":"2012-10-29T11:35:05","guid":{"rendered":"http:\/\/ultimato.com.br\/sites\/blogdaultimato\/?p=4085"},"modified":"2012-10-29T08:35:24","modified_gmt":"2012-10-29T11:35:24","slug":"maos-dadas-um-novo-comeco","status":"publish","type":"post","link":"https:\/\/ultimato.com.br\/sites\/blogdaultimato\/2012\/10\/29\/maos-dadas-um-novo-comeco\/","title":{"rendered":"M\u00e3os Dadas, um novo come\u00e7o"},"content":{"rendered":"<p>Ultimato d\u00e1 boas vindas ao blog <a href=\"http:\/\/ultimato.com.br\/sites\/maosdadas\/\">M\u00e3os Dadas<\/a>. Na verdade, a nossa hist\u00f3ria come\u00e7ou em novembro de 2000, h\u00e1 exatos 12 anos, quando publicamos a <a href=\"http:\/\/www.maosdadas.org\/?pg=show_artigos&amp;area=revista&amp;artigo=8&amp;sec=5&amp;num_edicao=0&amp;util=1\">edi\u00e7\u00e3o n\u00famero zero<\/a> da revista M\u00e3os Dadas.<\/p>\n<p>Queremos refor\u00e7ar e repetimos aqui o que foi escrito na \u00e9poca dos \u201chumildes come\u00e7os\u201d: <em>M\u00e3os Dadas<\/em>\u00a0nasceu com a proposta de servir de \u201cponte\u201d para um alvo maior: unir as organiza\u00e7\u00f5es sociais crist\u00e3s em torno da luta pela crian\u00e7a e pelo adolescente em situa\u00e7\u00e3o de risco. A dire\u00e7\u00e3o de Deus fez com que a revista se tornasse mais que uma \u201cponte\u201d &#8211; uma \u201ccasa de encontro\u201d para troca de informa\u00e7\u00f5es, ajuda m\u00fatua e entendimento.<\/p>\n<p><a href=\"http:\/\/ultimato.com.br\/sites\/maosdadas\/\"><img decoding=\"async\" class=\"alignleft  wp-image-4088\" title=\"bg_md (1)\" src=\"http:\/\/ultimato.com.br\/sites\/blogdaultimato\/files\/2012\/10\/bg_md-11.jpg\" alt=\"\" width=\"490\" height=\"107,5\" srcset=\"https:\/\/ultimato.com.br\/sites\/blogdaultimato\/files\/2012\/10\/bg_md-11.jpg 980w, https:\/\/ultimato.com.br\/sites\/blogdaultimato\/files\/2012\/10\/bg_md-11-300x65.jpg 300w, https:\/\/ultimato.com.br\/sites\/blogdaultimato\/files\/2012\/10\/bg_md-11-150x32.jpg 150w\" sizes=\"(max-width: 980px) 100vw, 980px\" \/><\/a><\/p>\n","protected":false},"excerpt":{"rendered":"<p>Ultimato d\u00e1 boas vindas ao blog M\u00e3os Dadas. Na verdade, a nossa hist\u00f3ria come\u00e7ou em novembro de 2000, h\u00e1 exatos 12 anos, quando publicamos a edi\u00e7\u00e3o n\u00famero zero da revista M\u00e3os Dadas.<br \/>\nQueremos refor\u00e7ar e repetimos aqui o que foi escrito na \u00e9poca dos \u201chumildes come\u00e7os\u201d: M\u00e3os Dadas\u00a0nasceu com a proposta de servir de \u201cponte\u201d para [&#8230;]<\/p>\n","protected":false},"author":6,"featured_media":0,"comment_status":"open","ping_status":"open","sticky":false,"template":"","format":"standard","meta":{"ngg_post_thumbnail":0,"footnotes":""},"categories":[9536],"tags":[],"class_list":["post-4085","post","type-post","status-publish","format-standard","hentry","category-do-editor"],"_links":{"self":[{"href":"https:\/\/ultimato.com.br\/sites\/blogdaultimato\/wp-json\/wp\/v2\/posts\/4085","targetHints":{"allow":["GET"]}}],"collection":[{"href":"https:\/\/ultimato.com.br\/sites\/blogdaultimato\/wp-json\/wp\/v2\/posts"}],"about":[{"href":"https:\/\/ultimato.com.br\/sites\/blogdaultimato\/wp-json\/wp\/v2\/types\/post"}],"author":[{"embeddable":true,"href":"https:\/\/ultimato.com.br\/sites\/blogdaultimato\/wp-json\/wp\/v2\/users\/6"}],"replies":[{"embeddable":true,"href":"https:\/\/ultimato.com.br\/sites\/blogdaultimato\/wp-json\/wp\/v2\/comments?post=4085"}],"version-history":[{"count":2,"href":"https:\/\/ultimato.com.br\/sites\/blogdaultimato\/wp-json\/wp\/v2\/posts\/4085\/revisions"}],"predecessor-version":[{"id":4090,"href":"https:\/\/ultimato.com.br\/sites\/blogdaultimato\/wp-json\/wp\/v2\/posts\/4085\/revisions\/4090"}],"wp:attachment":[{"href":"https:\/\/ultimato.com.br\/sites\/blogdaultimato\/wp-json\/wp\/v2\/media?parent=4085"}],"wp:term":[{"taxonomy":"category","embeddable":true,"href":"https:\/\/ultimato.com.br\/sites\/blogdaultimato\/wp-json\/wp\/v2\/categories?post=4085"},{"taxonomy":"post_tag","embeddable":true,"href":"https:\/\/ultimato.com.br\/sites\/blogdaultimato\/wp-json\/wp\/v2\/tags?post=4085"}],"curies":[{"name":"wp","href":"https:\/\/api.w.org\/{rel}","templated":true}]}}