{"id":3922,"date":"2012-09-05T11:56:53","date_gmt":"2012-09-05T14:56:53","guid":{"rendered":"http:\/\/ultimato.com.br\/sites\/blogdaultimato\/?p=3922"},"modified":"2012-09-05T14:09:06","modified_gmt":"2012-09-05T17:09:06","slug":"e-books-na-ultimato","status":"publish","type":"post","link":"https:\/\/ultimato.com.br\/sites\/blogdaultimato\/2012\/09\/05\/e-books-na-ultimato\/","title":{"rendered":"E-books na Ultimato"},"content":{"rendered":"<p>Enfim, definitivamente, Ultimato coloca \u00e0 disposi\u00e7\u00e3o dos leitores os primeiros t\u00edtulos do seu cat\u00e1logo em formato digital. S\u00e3o autores nacionais e livros consagrados pelos leitores agora tamb\u00e9m em e-book.<\/p>\n<p>Assinamos contrato com a <a href=\"http:\/\/www.livrariacultura.com.br\/scripts\/index.asp\">Livraria Cultura<\/a> e com a <a href=\"http:\/\/www.gatosabido.com.br\/\">Gato Sabido<\/a> que, a partir da pr\u00f3xima semana, come\u00e7am a distribuir nossos e-books. Em breve, tamb\u00e9m aqui no portal.<\/p>\n<p style=\"text-align: center;\"><a href=\"http:\/\/ultimato.com.br\/sites\/blogdaultimato\/files\/2012\/09\/anuncio_ebooks_web-1.jpg\" class=\"lightview\" data-lightview-group=\"group-3922\" data-lightview-options=\"skin: 'dark', controls: 'relative', padding: '10', shadow: { color: '#000000', opacity: 0.08, blur: 3 }\" data-lightview-title=\"anuncio_ebooks_web (1)\"><img loading=\"lazy\" decoding=\"async\" class=\" wp-image-3923 aligncenter\" title=\"anuncio_ebooks_web (1)\" src=\"http:\/\/ultimato.com.br\/sites\/blogdaultimato\/files\/2012\/09\/anuncio_ebooks_web-1.jpg\" alt=\"\" width=\"503\" height=\"336\" srcset=\"https:\/\/ultimato.com.br\/sites\/blogdaultimato\/files\/2012\/09\/anuncio_ebooks_web-1.jpg 578w, https:\/\/ultimato.com.br\/sites\/blogdaultimato\/files\/2012\/09\/anuncio_ebooks_web-1-300x200.jpg 300w, https:\/\/ultimato.com.br\/sites\/blogdaultimato\/files\/2012\/09\/anuncio_ebooks_web-1-150x100.jpg 150w\" sizes=\"auto, (max-width: 503px) 100vw, 503px\" \/><\/a><\/p>\n","protected":false},"excerpt":{"rendered":"<p>Enfim, definitivamente, Ultimato coloca \u00e0 disposi\u00e7\u00e3o dos leitores os primeiros t\u00edtulos do seu cat\u00e1logo em formato digital. S\u00e3o autores nacionais e livros consagrados pelos leitores agora tamb\u00e9m em e-book.<br \/>\nAssinamos contrato com a Livraria Cultura e com a Gato Sabido que, a partir da pr\u00f3xima semana, come\u00e7am a distribuir nossos e-books. Em breve, tamb\u00e9m aqui no [&#8230;]<\/p>\n","protected":false},"author":6,"featured_media":0,"comment_status":"open","ping_status":"open","sticky":false,"template":"","format":"standard","meta":{"ngg_post_thumbnail":0,"footnotes":""},"categories":[9536],"tags":[],"class_list":["post-3922","post","type-post","status-publish","format-standard","hentry","category-do-editor"],"_links":{"self":[{"href":"https:\/\/ultimato.com.br\/sites\/blogdaultimato\/wp-json\/wp\/v2\/posts\/3922","targetHints":{"allow":["GET"]}}],"collection":[{"href":"https:\/\/ultimato.com.br\/sites\/blogdaultimato\/wp-json\/wp\/v2\/posts"}],"about":[{"href":"https:\/\/ultimato.com.br\/sites\/blogdaultimato\/wp-json\/wp\/v2\/types\/post"}],"author":[{"embeddable":true,"href":"https:\/\/ultimato.com.br\/sites\/blogdaultimato\/wp-json\/wp\/v2\/users\/6"}],"replies":[{"embeddable":true,"href":"https:\/\/ultimato.com.br\/sites\/blogdaultimato\/wp-json\/wp\/v2\/comments?post=3922"}],"version-history":[{"count":5,"href":"https:\/\/ultimato.com.br\/sites\/blogdaultimato\/wp-json\/wp\/v2\/posts\/3922\/revisions"}],"predecessor-version":[{"id":3927,"href":"https:\/\/ultimato.com.br\/sites\/blogdaultimato\/wp-json\/wp\/v2\/posts\/3922\/revisions\/3927"}],"wp:attachment":[{"href":"https:\/\/ultimato.com.br\/sites\/blogdaultimato\/wp-json\/wp\/v2\/media?parent=3922"}],"wp:term":[{"taxonomy":"category","embeddable":true,"href":"https:\/\/ultimato.com.br\/sites\/blogdaultimato\/wp-json\/wp\/v2\/categories?post=3922"},{"taxonomy":"post_tag","embeddable":true,"href":"https:\/\/ultimato.com.br\/sites\/blogdaultimato\/wp-json\/wp\/v2\/tags?post=3922"}],"curies":[{"name":"wp","href":"https:\/\/api.w.org\/{rel}","templated":true}]}}