{"id":3902,"date":"2012-08-27T11:15:18","date_gmt":"2012-08-27T14:15:18","guid":{"rendered":"http:\/\/ultimato.com.br\/sites\/blogdaultimato\/?p=3902"},"modified":"2012-08-27T15:52:23","modified_gmt":"2012-08-27T18:52:23","slug":"edicao-de-setembro-da-revista-ultimato-no-prelo","status":"publish","type":"post","link":"https:\/\/ultimato.com.br\/sites\/blogdaultimato\/2012\/08\/27\/edicao-de-setembro-da-revista-ultimato-no-prelo\/","title":{"rendered":"Edi\u00e7\u00e3o de setembro da revista Ultimato, no prelo"},"content":{"rendered":"<p>A edi\u00e7\u00e3o de setembro da revista Ultimato entrou em gr\u00e1fica no \u00faltimo fim de semana. Na capa, \u201cO ser humano \u00e9 admir\u00e1vel, Deus \u00e9 incompar\u00e1vel\u201d. O blog leu e antecipa parte do texto que abre a mat\u00e9ria: \u201cSe a vaidade n\u00e3o fosse um risco perigos\u00edssimo, o ser humano poderia se gabar de ser \u2018apenas um pouco menor do que Deus\u2019 (Sl 8.5). O que complica tudo \u00e9 que \u2018o cora\u00e7\u00e3o humano \u00e9 terrivelmente sombrio e enganoso, um enigma que ningu\u00e9m consegue decifrar\u2019 (Jr 17.9). Destaque tamb\u00e9m para a an\u00e1lise do Censo 2010 e o futuro da igreja evang\u00e9lica no Brasil, no artigo do soci\u00f3logo Paul Freston: \u201cOs dados do Censo desmentem claramente as previs\u00f5es absurdas que circularam no meio evang\u00e9lico de que haveria uma maioria evang\u00e9lica at\u00e9 2020\u201d. No prelo.<\/p>\n<p>Para saber mais sobre a edi\u00e7\u00e3o de setembro da revista Ultimato, acesse o <a href=\"http:\/\/ultimato.com.br\/sites\/blogdaultimato\/files\/2012\/08\/Sumario_ult_338b.pdf\">Sum\u00e1rio<\/a>.<\/p>\n","protected":false},"excerpt":{"rendered":"<p>A edi\u00e7\u00e3o de setembro da revista Ultimato entrou em gr\u00e1fica no \u00faltimo fim de semana. Na capa, \u201cO ser humano \u00e9 admir\u00e1vel, Deus \u00e9 incompar\u00e1vel\u201d. O blog leu e antecipa parte do texto que abre a mat\u00e9ria: \u201cSe a vaidade n\u00e3o fosse um risco perigos\u00edssimo, o ser humano poderia se gabar de ser \u2018apenas um [&#8230;]<\/p>\n","protected":false},"author":6,"featured_media":3903,"comment_status":"open","ping_status":"open","sticky":false,"template":"","format":"standard","meta":{"ngg_post_thumbnail":0,"footnotes":""},"categories":[9536],"tags":[],"class_list":["post-3902","post","type-post","status-publish","format-standard","has-post-thumbnail","hentry","category-do-editor"],"_links":{"self":[{"href":"https:\/\/ultimato.com.br\/sites\/blogdaultimato\/wp-json\/wp\/v2\/posts\/3902","targetHints":{"allow":["GET"]}}],"collection":[{"href":"https:\/\/ultimato.com.br\/sites\/blogdaultimato\/wp-json\/wp\/v2\/posts"}],"about":[{"href":"https:\/\/ultimato.com.br\/sites\/blogdaultimato\/wp-json\/wp\/v2\/types\/post"}],"author":[{"embeddable":true,"href":"https:\/\/ultimato.com.br\/sites\/blogdaultimato\/wp-json\/wp\/v2\/users\/6"}],"replies":[{"embeddable":true,"href":"https:\/\/ultimato.com.br\/sites\/blogdaultimato\/wp-json\/wp\/v2\/comments?post=3902"}],"version-history":[{"count":3,"href":"https:\/\/ultimato.com.br\/sites\/blogdaultimato\/wp-json\/wp\/v2\/posts\/3902\/revisions"}],"predecessor-version":[{"id":3909,"href":"https:\/\/ultimato.com.br\/sites\/blogdaultimato\/wp-json\/wp\/v2\/posts\/3902\/revisions\/3909"}],"wp:featuredmedia":[{"embeddable":true,"href":"https:\/\/ultimato.com.br\/sites\/blogdaultimato\/wp-json\/wp\/v2\/media\/3903"}],"wp:attachment":[{"href":"https:\/\/ultimato.com.br\/sites\/blogdaultimato\/wp-json\/wp\/v2\/media?parent=3902"}],"wp:term":[{"taxonomy":"category","embeddable":true,"href":"https:\/\/ultimato.com.br\/sites\/blogdaultimato\/wp-json\/wp\/v2\/categories?post=3902"},{"taxonomy":"post_tag","embeddable":true,"href":"https:\/\/ultimato.com.br\/sites\/blogdaultimato\/wp-json\/wp\/v2\/tags?post=3902"}],"curies":[{"name":"wp","href":"https:\/\/api.w.org\/{rel}","templated":true}]}}