{"id":3877,"date":"2012-08-15T10:33:50","date_gmt":"2012-08-15T13:33:50","guid":{"rendered":"http:\/\/ultimato.com.br\/sites\/blogdaultimato\/?p=3877"},"modified":"2012-08-15T11:11:06","modified_gmt":"2012-08-15T14:11:06","slug":"qual-o-feito-mais-notavel-do-ser-humano","status":"publish","type":"post","link":"https:\/\/ultimato.com.br\/sites\/blogdaultimato\/2012\/08\/15\/qual-o-feito-mais-notavel-do-ser-humano\/","title":{"rendered":"Qual o feito mais not\u00e1vel do ser humano?"},"content":{"rendered":"<p><a href=\"http:\/\/ultimato.com.br\/sites\/blogdaultimato\/files\/2012\/08\/interrogacao.jpg\" class=\"lightview\" data-lightview-group=\"group-3877\" data-lightview-options=\"skin: 'dark', controls: 'relative', padding: '10', shadow: { color: '#000000', opacity: 0.08, blur: 3 }\" data-lightview-title=\"interrogacao\"><img loading=\"lazy\" decoding=\"async\" class=\"alignright size-full wp-image-3878\" title=\"interrogacao\" src=\"http:\/\/ultimato.com.br\/sites\/blogdaultimato\/files\/2012\/08\/interrogacao.jpg\" alt=\"\" width=\"288\" height=\"216\" srcset=\"https:\/\/ultimato.com.br\/sites\/blogdaultimato\/files\/2012\/08\/interrogacao.jpg 288w, https:\/\/ultimato.com.br\/sites\/blogdaultimato\/files\/2012\/08\/interrogacao-150x112.jpg 150w\" sizes=\"auto, (max-width: 288px) 100vw, 288px\" \/><\/a>Caro(a) leitor(a),<\/p>\n<p>Convidamos voc\u00ea a nos ajudar a fazer a pr\u00f3xima edi\u00e7\u00e3o da revista Ultimato. Responda a seguinte pergunta:<\/p>\n<blockquote><p><strong>Em sua opini\u00e3o, qual a mais not\u00e1vel descoberta ou o mais not\u00e1vel feito do ser humano?<\/strong><\/p><\/blockquote>\n<p>Responda a pergunta l\u00e1 em nossa p\u00e1gina no Facebook: <a href=\"https:\/\/facebook.com\/editora.ultimato\" target=\"_blank\">https:\/\/facebook.com\/editora.ultimato<\/a><\/p>\n<p><!--more-->A mesma pergunta foi feita a alguns professores universit\u00e1rios, e ficamos surpresos com a diversidade de itens mencionados. Um artigo com estas respostas ser\u00e1 publicado na pr\u00f3xima edi\u00e7\u00e3o da revista Ultimato (setembro-outubro).<\/p>\n<p>Vamos sortear entre os participantes um dos nossos lan\u00e7amentos. Participe!<\/p>\n<p>&nbsp;<\/p>\n","protected":false},"excerpt":{"rendered":"<p>Caro(a) leitor(a),<br \/>\nConvidamos voc\u00ea a nos ajudar a fazer a pr\u00f3xima edi\u00e7\u00e3o da revista Ultimato. Responda a seguinte pergunta:<br \/>\nEm sua opini\u00e3o, qual a mais not\u00e1vel descoberta ou o mais not\u00e1vel feito do ser humano?<br \/>\nResponda a pergunta l\u00e1 em nossa p\u00e1gina no Facebook: https:\/\/facebook.com\/editora.ultimato<\/p>\n","protected":false},"author":21,"featured_media":0,"comment_status":"open","ping_status":"open","sticky":false,"template":"","format":"standard","meta":{"ngg_post_thumbnail":0,"footnotes":""},"categories":[9536],"tags":[5496,5953],"class_list":["post-3877","post","type-post","status-publish","format-standard","hentry","category-do-editor","tag-enquete","tag-revista-ultimato"],"_links":{"self":[{"href":"https:\/\/ultimato.com.br\/sites\/blogdaultimato\/wp-json\/wp\/v2\/posts\/3877","targetHints":{"allow":["GET"]}}],"collection":[{"href":"https:\/\/ultimato.com.br\/sites\/blogdaultimato\/wp-json\/wp\/v2\/posts"}],"about":[{"href":"https:\/\/ultimato.com.br\/sites\/blogdaultimato\/wp-json\/wp\/v2\/types\/post"}],"author":[{"embeddable":true,"href":"https:\/\/ultimato.com.br\/sites\/blogdaultimato\/wp-json\/wp\/v2\/users\/21"}],"replies":[{"embeddable":true,"href":"https:\/\/ultimato.com.br\/sites\/blogdaultimato\/wp-json\/wp\/v2\/comments?post=3877"}],"version-history":[{"count":8,"href":"https:\/\/ultimato.com.br\/sites\/blogdaultimato\/wp-json\/wp\/v2\/posts\/3877\/revisions"}],"predecessor-version":[{"id":3883,"href":"https:\/\/ultimato.com.br\/sites\/blogdaultimato\/wp-json\/wp\/v2\/posts\/3877\/revisions\/3883"}],"wp:attachment":[{"href":"https:\/\/ultimato.com.br\/sites\/blogdaultimato\/wp-json\/wp\/v2\/media?parent=3877"}],"wp:term":[{"taxonomy":"category","embeddable":true,"href":"https:\/\/ultimato.com.br\/sites\/blogdaultimato\/wp-json\/wp\/v2\/categories?post=3877"},{"taxonomy":"post_tag","embeddable":true,"href":"https:\/\/ultimato.com.br\/sites\/blogdaultimato\/wp-json\/wp\/v2\/tags?post=3877"}],"curies":[{"name":"wp","href":"https:\/\/api.w.org\/{rel}","templated":true}]}}