{"id":3868,"date":"2012-08-13T12:10:15","date_gmt":"2012-08-13T15:10:15","guid":{"rendered":"http:\/\/ultimato.com.br\/sites\/blogdaultimato\/?p=3868"},"modified":"2012-08-13T12:48:26","modified_gmt":"2012-08-13T15:48:26","slug":"os-zumbis-e-a-sua-majestade-o-livro","status":"publish","type":"post","link":"https:\/\/ultimato.com.br\/sites\/blogdaultimato\/2012\/08\/13\/os-zumbis-e-a-sua-majestade-o-livro\/","title":{"rendered":"Os zumbis e a sua majestade, o livro"},"content":{"rendered":"<div id=\"attachment_3869\" style=\"width: 310px\" class=\"wp-caption alignright\"><a href=\"http:\/\/ultimato.com.br\/sites\/blogdaultimato\/files\/2012\/08\/bienal.jpg\" class=\"lightview\" data-lightview-group=\"group-3868\" data-lightview-options=\"skin: 'dark', controls: 'relative', padding: '10', shadow: { color: '#000000', opacity: 0.08, blur: 3 }\" data-lightview-title=\"bienal\"><img loading=\"lazy\" decoding=\"async\" aria-describedby=\"caption-attachment-3869\" class=\"size-medium wp-image-3869\" title=\"bienal\" src=\"http:\/\/ultimato.com.br\/sites\/blogdaultimato\/files\/2012\/08\/bienal-300x200.jpg\" alt=\"\" width=\"300\" height=\"200\" srcset=\"https:\/\/ultimato.com.br\/sites\/blogdaultimato\/files\/2012\/08\/bienal-300x200.jpg 300w, https:\/\/ultimato.com.br\/sites\/blogdaultimato\/files\/2012\/08\/bienal-150x100.jpg 150w, https:\/\/ultimato.com.br\/sites\/blogdaultimato\/files\/2012\/08\/bienal.jpg 800w\" sizes=\"auto, (max-width: 300px) 100vw, 300px\" \/><\/a><p id=\"caption-attachment-3869\" class=\"wp-caption-text\">Cr\u00e9dito: <a href=\"http:\/\/www.flickr.com\/photos\/reedcomunica\/\" target=\"_blank\">reedcomunica<\/a><\/p><\/div>\n<p>Ultimato est\u00e1 mais uma vez na <a href=\"http:\/\/www.bienaldolivrosp.com.br\/\">Bienal<\/a> Internacional do Livro de S\u00e3o Paulo, que come\u00e7ou no \u00faltimo fim de semana. A passeio. Bem, \u00e9 apenas um modo de dizer que n\u00e3o temos um estande entre os 480 expositores que esperam receber 800 mil pessoas. Os n\u00fameros chamam a aten\u00e7\u00e3o, mas podem enganar. O poeta Affonso Romano de Sant&#8217;Anna n\u00e3o se deixa impressionar e \u00e9 um tanto cruel com o maior espet\u00e1culo livreiro do pa\u00eds: &#8220;as pessoas circulam como zumbis e n\u00e3o compram livros\u201d.<!--more--><\/p>\n<p>Os movimentos dos leitores n\u00e3o s\u00e3o exatamente o que apregoam os videntes do ramo editorial. E, por falar em profecias, as apostas no livro digital continuam a crescer. Nada contra. Ali\u00e1s, Ultimato se prepara para lan\u00e7ar uma dezena de e-books e o seu primeiro devocion\u00e1rio digital, em novembro.<\/p>\n<p>Enfim, todos sabemos, n\u00e3o h\u00e1 limites para fazer livros. O formato, \u00e9 um detalhe. Que o diga o \u00faltimo balan\u00e7o da <a href=\"http:\/\/www.ultimato.com.br\/conteudo\/as-tracas-a-ferrugem-o-ipad-e-a-enciclopedia-britannica\">Enciclop\u00e9dia Brit\u00e2nica<\/a>. Pouco antes de chegar ao Pavilh\u00e3o de Exposi\u00e7\u00f5es do Anhembi, fui surpreendido pelos n\u00fameros da velha \u2018cole\u00e7\u00e3o\u2019: Em 2011, foram vendidos nada mais e nada menos do que 70.000 cole\u00e7\u00f5es que, multiplicadas pelos 18 volumes, somam quase um milh\u00e3o e trezentos mil exemplares. Nada mal para quem acaba de anunciar o fim da sua edi\u00e7\u00e3o em papel. Vida longa ao livro.<\/p>\n","protected":false},"excerpt":{"rendered":"<p>Ultimato est\u00e1 mais uma vez na Bienal Internacional do Livro de S\u00e3o Paulo, que come\u00e7ou no \u00faltimo fim de semana. A passeio. Bem, \u00e9 apenas um modo de dizer que n\u00e3o temos um estande entre os 480 expositores que esperam receber 800 mil pessoas. Os n\u00fameros chamam a aten\u00e7\u00e3o, mas podem enganar. O poeta Affonso [&#8230;]<\/p>\n","protected":false},"author":6,"featured_media":0,"comment_status":"open","ping_status":"open","sticky":false,"template":"","format":"standard","meta":{"ngg_post_thumbnail":0,"footnotes":""},"categories":[9536],"tags":[],"class_list":["post-3868","post","type-post","status-publish","format-standard","hentry","category-do-editor"],"_links":{"self":[{"href":"https:\/\/ultimato.com.br\/sites\/blogdaultimato\/wp-json\/wp\/v2\/posts\/3868","targetHints":{"allow":["GET"]}}],"collection":[{"href":"https:\/\/ultimato.com.br\/sites\/blogdaultimato\/wp-json\/wp\/v2\/posts"}],"about":[{"href":"https:\/\/ultimato.com.br\/sites\/blogdaultimato\/wp-json\/wp\/v2\/types\/post"}],"author":[{"embeddable":true,"href":"https:\/\/ultimato.com.br\/sites\/blogdaultimato\/wp-json\/wp\/v2\/users\/6"}],"replies":[{"embeddable":true,"href":"https:\/\/ultimato.com.br\/sites\/blogdaultimato\/wp-json\/wp\/v2\/comments?post=3868"}],"version-history":[{"count":4,"href":"https:\/\/ultimato.com.br\/sites\/blogdaultimato\/wp-json\/wp\/v2\/posts\/3868\/revisions"}],"predecessor-version":[{"id":3873,"href":"https:\/\/ultimato.com.br\/sites\/blogdaultimato\/wp-json\/wp\/v2\/posts\/3868\/revisions\/3873"}],"wp:attachment":[{"href":"https:\/\/ultimato.com.br\/sites\/blogdaultimato\/wp-json\/wp\/v2\/media?parent=3868"}],"wp:term":[{"taxonomy":"category","embeddable":true,"href":"https:\/\/ultimato.com.br\/sites\/blogdaultimato\/wp-json\/wp\/v2\/categories?post=3868"},{"taxonomy":"post_tag","embeddable":true,"href":"https:\/\/ultimato.com.br\/sites\/blogdaultimato\/wp-json\/wp\/v2\/tags?post=3868"}],"curies":[{"name":"wp","href":"https:\/\/api.w.org\/{rel}","templated":true}]}}