{"id":380,"date":"2008-11-26T15:01:25","date_gmt":"2008-11-26T18:01:25","guid":{"rendered":"http:\/\/www.ultimato.com.br\/blog\/?p=380"},"modified":"2008-11-26T15:01:25","modified_gmt":"2008-11-26T18:01:25","slug":"iii-congresso-mundial-de-enfrentamento-da-exploracao-sexual-de-criancas-e-adolescentes","status":"publish","type":"post","link":"https:\/\/ultimato.com.br\/sites\/blogdaultimato\/2008\/11\/26\/iii-congresso-mundial-de-enfrentamento-da-exploracao-sexual-de-criancas-e-adolescentes\/","title":{"rendered":"III Congresso Mundial de Enfrentamento da Explora\u00e7\u00e3o Sexual de Crian\u00e7as e Adolescentes"},"content":{"rendered":"<p>O&nbsp;<em>III Congresso Mundial de Enfrentamento da Explora&ccedil;&atilde;o Sexual de Crian&ccedil;as e Adolescentes<\/em>, que acontece no Rio de Janeiro at&eacute; o dia 28, est&aacute; tendo a participa&ccedil;&atilde;o de&nbsp;tr&ecirc;s mil pessoas, sendo metade brasileiros. Houve tanta procura que as organiza&ccedil;&otilde;es est&atilde;o realizando um congresso paralelo com cerca de 1000 pessoas. <\/p>\n<p>Liss&acirc;nder e T&aacute;bata, jornalistas da <a class=\"snap_shots\" target=\"_blank\" href=\"http:\/\/www.maosdadas.org\">Rede M&atilde;os Dadas<\/a>, est&atilde;o fazendo a cobertura jornal&iacute;stica do congresso. Uma p&aacute;gina especial foi criada&nbsp;no site de M&atilde;os Dadas para noticiar o evento (sempre considerando o contexto da Rede M&atilde;os Dadas). Para acompanhar o congresso&nbsp;ou indicar a outros, <a target=\"_blank\" href=\"http:\/\/www.maosdadas.org\/?pg=conteudo&amp;categoria=11&amp;util=1\">clique aqui<\/a>.<!--more--><\/p>\n<p>A Rede M&atilde;os Dadas funciona no pr&eacute;dio da Editora Ultimato (primeira parceira a formalizar sua ades&atilde;o ao projeto de publica&ccedil;&atilde;o de uma revista voltada para o trabalho com crian&ccedil;as e adolescentes em risco). As responsabilidades da Ultimato, a princ&iacute;pio, se restringiam &agrave; produ&ccedil;&atilde;o e distribui&ccedil;&atilde;o do suplemento, mas, por acreditar na import&acirc;ncia e pertin&ecirc;ncia desse projeto, temos participado tamb&eacute;m da capta&ccedil;&atilde;o de recursos e da produ&ccedil;&atilde;o e hospedagem da revista.<\/p>\n","protected":false},"excerpt":{"rendered":"<p>O&nbsp;III Congresso Mundial de Enfrentamento da Explora&ccedil;&atilde;o Sexual de Crian&ccedil;as e Adolescentes, que acontece no Rio de Janeiro at&eacute; o dia 28, est&aacute; tendo a participa&ccedil;&atilde;o de&nbsp;tr&ecirc;s mil pessoas, sendo metade brasileiros. Houve tanta procura que as organiza&ccedil;&otilde;es est&atilde;o realizando um congresso paralelo com cerca de 1000 pessoas.<br \/>\nLiss&acirc;nder e T&aacute;bata, jornalistas da Rede M&atilde;os [&#8230;]<\/p>\n","protected":false},"author":4,"featured_media":0,"comment_status":"open","ping_status":"open","sticky":false,"template":"","format":"standard","meta":{"ngg_post_thumbnail":0,"footnotes":""},"categories":[6111],"tags":[5175,44,15,5494,5528,182],"class_list":["post-380","post","type-post","status-publish","format-standard","hentry","category-ultimas-de-ca","tag-adolescentes","tag-congresso","tag-criancas","tag-enfrentamento","tag-exploracao-sexual","tag-maos-dadas"],"_links":{"self":[{"href":"https:\/\/ultimato.com.br\/sites\/blogdaultimato\/wp-json\/wp\/v2\/posts\/380","targetHints":{"allow":["GET"]}}],"collection":[{"href":"https:\/\/ultimato.com.br\/sites\/blogdaultimato\/wp-json\/wp\/v2\/posts"}],"about":[{"href":"https:\/\/ultimato.com.br\/sites\/blogdaultimato\/wp-json\/wp\/v2\/types\/post"}],"author":[{"embeddable":true,"href":"https:\/\/ultimato.com.br\/sites\/blogdaultimato\/wp-json\/wp\/v2\/users\/4"}],"replies":[{"embeddable":true,"href":"https:\/\/ultimato.com.br\/sites\/blogdaultimato\/wp-json\/wp\/v2\/comments?post=380"}],"version-history":[{"count":0,"href":"https:\/\/ultimato.com.br\/sites\/blogdaultimato\/wp-json\/wp\/v2\/posts\/380\/revisions"}],"wp:attachment":[{"href":"https:\/\/ultimato.com.br\/sites\/blogdaultimato\/wp-json\/wp\/v2\/media?parent=380"}],"wp:term":[{"taxonomy":"category","embeddable":true,"href":"https:\/\/ultimato.com.br\/sites\/blogdaultimato\/wp-json\/wp\/v2\/categories?post=380"},{"taxonomy":"post_tag","embeddable":true,"href":"https:\/\/ultimato.com.br\/sites\/blogdaultimato\/wp-json\/wp\/v2\/tags?post=380"}],"curies":[{"name":"wp","href":"https:\/\/api.w.org\/{rel}","templated":true}]}}