{"id":3752,"date":"2012-07-04T08:54:42","date_gmt":"2012-07-04T11:54:42","guid":{"rendered":"http:\/\/ultimato.com.br\/sites\/blogdaultimato\/?p=3752"},"modified":"2012-07-04T08:56:13","modified_gmt":"2012-07-04T11:56:13","slug":"somos-mais-de-42-milhoes-o-que-os-evangelicos-fazem","status":"publish","type":"post","link":"https:\/\/ultimato.com.br\/sites\/blogdaultimato\/2012\/07\/04\/somos-mais-de-42-milhoes-o-que-os-evangelicos-fazem\/","title":{"rendered":"Somos mais de 42 milh\u00f5es. O que os evang\u00e9licos fazem?"},"content":{"rendered":"<p><a href=\"http:\/\/www.ultimato.com.br\/revista\/286\" target=\"_blank\"><img loading=\"lazy\" decoding=\"async\" class=\"alignright size-full wp-image-3753\" title=\"image_revistas_IMG_CAPAS-REVISTAS_239\" src=\"http:\/\/ultimato.com.br\/sites\/blogdaultimato\/files\/2012\/07\/image_revistas_IMG_CAPAS-REVISTAS_239.jpg\" alt=\"\" width=\"160\" height=\"206\" srcset=\"https:\/\/ultimato.com.br\/sites\/blogdaultimato\/files\/2012\/07\/image_revistas_IMG_CAPAS-REVISTAS_239.jpg 160w, https:\/\/ultimato.com.br\/sites\/blogdaultimato\/files\/2012\/07\/image_revistas_IMG_CAPAS-REVISTAS_239-116x150.jpg 116w\" sizes=\"auto, (max-width: 160px) 100vw, 160px\" \/><\/a>Ou o que fazer com os evang\u00e9licos? Logo depois da divulga\u00e7\u00e3o do Censo 2000, por ocasi\u00e3o do 2\u00ba Congresso Brasileiro de Evangeliza\u00e7\u00e3o (CBE2), realizado em Belo Horizonte, em outubro de 2003, ficamos de boca aberta com a \u201cmultid\u00e3o\u201d de evang\u00e9licos.<\/p>\n<p>Agora, os evang\u00e9licos somam mais de 42 milh\u00f5es. Estamos melhor ou pior? Confira algumas frases recolhidas no CBE, entre elas a do conhecido pastor Russell Shedd: <a href=\"http:\/\/www.ultimato.com.br\/revista\/artigos\/286\/somos-25-milhoes-de-evangelicos-no-brasil-onde-esta-o-poder-dessa-multidao\">Somos 25 milh\u00f5es de evang\u00e9licos no Brasil. Onde est\u00e1 o poder dessa multid\u00e3o?<\/a><\/p>\n","protected":false},"excerpt":{"rendered":"<p>Ou o que fazer com os evang\u00e9licos? Logo depois da divulga\u00e7\u00e3o do Censo 2000, por ocasi\u00e3o do 2\u00ba Congresso Brasileiro de Evangeliza\u00e7\u00e3o (CBE2), realizado em Belo Horizonte, em outubro de 2003, ficamos de boca aberta com a \u201cmultid\u00e3o\u201d de evang\u00e9licos.<br \/>\nAgora, os evang\u00e9licos somam mais de 42 milh\u00f5es. Estamos melhor ou pior? Confira algumas frases recolhidas [&#8230;]<\/p>\n","protected":false},"author":6,"featured_media":0,"comment_status":"open","ping_status":"open","sticky":false,"template":"","format":"standard","meta":{"ngg_post_thumbnail":0,"footnotes":""},"categories":[9536],"tags":[],"class_list":["post-3752","post","type-post","status-publish","format-standard","hentry","category-do-editor"],"_links":{"self":[{"href":"https:\/\/ultimato.com.br\/sites\/blogdaultimato\/wp-json\/wp\/v2\/posts\/3752","targetHints":{"allow":["GET"]}}],"collection":[{"href":"https:\/\/ultimato.com.br\/sites\/blogdaultimato\/wp-json\/wp\/v2\/posts"}],"about":[{"href":"https:\/\/ultimato.com.br\/sites\/blogdaultimato\/wp-json\/wp\/v2\/types\/post"}],"author":[{"embeddable":true,"href":"https:\/\/ultimato.com.br\/sites\/blogdaultimato\/wp-json\/wp\/v2\/users\/6"}],"replies":[{"embeddable":true,"href":"https:\/\/ultimato.com.br\/sites\/blogdaultimato\/wp-json\/wp\/v2\/comments?post=3752"}],"version-history":[{"count":5,"href":"https:\/\/ultimato.com.br\/sites\/blogdaultimato\/wp-json\/wp\/v2\/posts\/3752\/revisions"}],"predecessor-version":[{"id":3758,"href":"https:\/\/ultimato.com.br\/sites\/blogdaultimato\/wp-json\/wp\/v2\/posts\/3752\/revisions\/3758"}],"wp:attachment":[{"href":"https:\/\/ultimato.com.br\/sites\/blogdaultimato\/wp-json\/wp\/v2\/media?parent=3752"}],"wp:term":[{"taxonomy":"category","embeddable":true,"href":"https:\/\/ultimato.com.br\/sites\/blogdaultimato\/wp-json\/wp\/v2\/categories?post=3752"},{"taxonomy":"post_tag","embeddable":true,"href":"https:\/\/ultimato.com.br\/sites\/blogdaultimato\/wp-json\/wp\/v2\/tags?post=3752"}],"curies":[{"name":"wp","href":"https:\/\/api.w.org\/{rel}","templated":true}]}}