{"id":3741,"date":"2012-06-27T16:28:43","date_gmt":"2012-06-27T19:28:43","guid":{"rendered":"http:\/\/ultimato.com.br\/sites\/blogdaultimato\/?p=3741"},"modified":"2012-06-27T16:28:43","modified_gmt":"2012-06-27T19:28:43","slug":"cartas-a-ultimato","status":"publish","type":"post","link":"https:\/\/ultimato.com.br\/sites\/blogdaultimato\/2012\/06\/27\/cartas-a-ultimato\/","title":{"rendered":"Cartas \u00e0 Ultimato"},"content":{"rendered":"<p>Compartilhamos quatro cartas recebidas por Ultimato recentemente. Cada carta vem de um lugar: B\u00e9lgica, S\u00e3o Luis, Riol\u00e2ndia e Crato. O que elas t\u00eam em comum? Todas foram escritas por agraciados com a assinatura gratuita de Ultimato. Esfor\u00e7o do qual muitos assinantes t\u00eam participado por meio das <a href=\"http:\/\/www.ultimato.com.br\/revista\/assinatura-patrocinada\" target=\"_blank\">Assinaturas Patrocinadas<\/a>.<\/p>\n<blockquote><p>Durante 20 anos de campo mission\u00e1rio transcultural (1 ano na Inglaterra, 10 anos na \u00cdndia e 9 anos na B\u00e9lgica), fomos aben\u00e7oados com o recebimento da Revista Ultimato enviada periodicamente pela Miss\u00e3o Amem. Aqueles que j\u00e1 viveram fora do Brasil sabem muito bem da saudade que sentimos da p\u00e1tria, fam\u00edlia, amigos e igreja. Muitas vezes a revista chegou em lugares remotos que moramos para trazer refrig\u00e9rio e edifica\u00e7\u00e3o com palavras pastorais que aqueceram e confortaram nossas vidas, diminuindo um pouco a dist\u00e2ncia e solid\u00e3o.<!--more--><\/p>\n<p>A \u00faltima revista que recebemos foi a edi\u00e7\u00e3o cujo t\u00edtulo era &#8220;Deus espera por nossas ora\u00e7\u00f5es&#8221;. Fomos edificados pela palavra pastoral sobre &#8220;O Todo-Poderoso e as formiguinhas: uma intimidade poss\u00edvel&#8221;. Ler e lembrar que O Todo poderoso cuida da gente em todos os detalhes e que est\u00e1 conosco, fortalece a f\u00e9 e nos desafia a ir adiante e enfrentar os desafios familiares, ministeriais e culturais do dia a dia na vida mission\u00e1ria transcultural.<\/p>\n<p>Queremos parabenizar os redatores da revista Ultimato pelo excelente trabalho e servi\u00e7o ao povo de Deus e tamb\u00e9m pela seriedade e autenticidade nas mat\u00e9rias, trazendo \u00e0 centenas de fam\u00edlias brasileiras boa literatura que n\u00e3o somente comunica e ensina a palavra, mas desafia seus leitores \u00e0 uma vida de santidade e compromisso para com Deus. Durante estes anos vimos neste minist\u00e9rio muita fidelidade e perseveran\u00e7a ao chamado liter\u00e1rio. Que o bom Deus continue fortalecendo esta equipe e usando para impactar muitas vidas!<\/p>\n<p>Lauro &amp; Rosane Castelli<br \/>\nMission\u00e1rios na B\u00e9lgica com Miss\u00e3o Amem<\/p><\/blockquote>\n<p>&nbsp;<\/p>\n<p>&nbsp;<\/p>\n<blockquote><p>Quero elogiar esta revista que recebo gratuitamente h\u00e1 muitos anos. \u00c9 uma revista sensata com artigos objetivos e s\u00e9rios. Est\u00e1 dentro do verdadeiro sentido do Evangelho. Sou muito grato por receb\u00ea-la. Assim que a recebo sento-me para l\u00ea-la da primeira \u00e0 \u00faltima p\u00e1gina.<\/p>\n<p>Eug\u00eanio Dantas de Medeiros, padre casado de Crato, CE.<\/p><\/blockquote>\n<p>&nbsp;<\/p>\n<blockquote><p>Li a <strong>Ultimato<\/strong> que publicou &#8220;O orgulho \u00e9 o caminho mais curto para o tombo&#8221; (novembro\/dezembro de 2011). \u00c9 pura verdade. Estive muito tempo embriagado pela soberba. \u00c9 isso que me trouxe para a pris\u00e3o. Mas aqui Deus est\u00e1 me esvaziando dela. Fa\u00e7o parte daquele povo orgulhoso que morre no deserto e foi picado pela serpente. Eu morri no deserto. Somente depois de me transformar num cad\u00e1ver, e livrar-me da s\u00edndrome da Babil\u00f4nia, acabei de chegar, obtive o perd\u00e3o e derrubei os muros de Jeric\u00f3!<\/p>\n<p>Ramon Barbosa, Riol\u00e2ndia, SP<\/p><\/blockquote>\n<p>Leia <a href=\"http:\/\/ultimato.com.br\/sites\/paralelo10\/2012\/06\/boas-noticias-vindas-do-maranhao\/\" target=\"_blank\">aqui<\/a> a carta de S\u00e3o Luis, MA.<\/p>\n<p>&nbsp;<\/p>\n","protected":false},"excerpt":{"rendered":"<p>Compartilhamos quatro cartas recebidas por Ultimato recentemente. Cada carta vem de um lugar: B\u00e9lgica, S\u00e3o Luis, Riol\u00e2ndia e Crato. O que elas t\u00eam em comum? Todas foram escritas por agraciados com a assinatura gratuita de Ultimato. Esfor\u00e7o do qual muitos assinantes t\u00eam participado por meio das Assinaturas Patrocinadas.<br \/>\nDurante 20 anos de campo mission\u00e1rio transcultural (1 [&#8230;]<\/p>\n","protected":false},"author":21,"featured_media":0,"comment_status":"open","ping_status":"open","sticky":false,"template":"","format":"standard","meta":{"ngg_post_thumbnail":0,"footnotes":""},"categories":[6114],"tags":[],"class_list":["post-3741","post","type-post","status-publish","format-standard","hentry","category-ultimas-de-la"],"_links":{"self":[{"href":"https:\/\/ultimato.com.br\/sites\/blogdaultimato\/wp-json\/wp\/v2\/posts\/3741","targetHints":{"allow":["GET"]}}],"collection":[{"href":"https:\/\/ultimato.com.br\/sites\/blogdaultimato\/wp-json\/wp\/v2\/posts"}],"about":[{"href":"https:\/\/ultimato.com.br\/sites\/blogdaultimato\/wp-json\/wp\/v2\/types\/post"}],"author":[{"embeddable":true,"href":"https:\/\/ultimato.com.br\/sites\/blogdaultimato\/wp-json\/wp\/v2\/users\/21"}],"replies":[{"embeddable":true,"href":"https:\/\/ultimato.com.br\/sites\/blogdaultimato\/wp-json\/wp\/v2\/comments?post=3741"}],"version-history":[{"count":2,"href":"https:\/\/ultimato.com.br\/sites\/blogdaultimato\/wp-json\/wp\/v2\/posts\/3741\/revisions"}],"predecessor-version":[{"id":3743,"href":"https:\/\/ultimato.com.br\/sites\/blogdaultimato\/wp-json\/wp\/v2\/posts\/3741\/revisions\/3743"}],"wp:attachment":[{"href":"https:\/\/ultimato.com.br\/sites\/blogdaultimato\/wp-json\/wp\/v2\/media?parent=3741"}],"wp:term":[{"taxonomy":"category","embeddable":true,"href":"https:\/\/ultimato.com.br\/sites\/blogdaultimato\/wp-json\/wp\/v2\/categories?post=3741"},{"taxonomy":"post_tag","embeddable":true,"href":"https:\/\/ultimato.com.br\/sites\/blogdaultimato\/wp-json\/wp\/v2\/tags?post=3741"}],"curies":[{"name":"wp","href":"https:\/\/api.w.org\/{rel}","templated":true}]}}