{"id":3726,"date":"2012-06-21T10:44:06","date_gmt":"2012-06-21T13:44:06","guid":{"rendered":"http:\/\/ultimato.com.br\/sites\/blogdaultimato\/?p=3726"},"modified":"2012-06-21T10:45:54","modified_gmt":"2012-06-21T13:45:54","slug":"feliz-ano-velho-robinson-cavalcanti-1944-2012-e-o-clade-v","status":"publish","type":"post","link":"https:\/\/ultimato.com.br\/sites\/blogdaultimato\/2012\/06\/21\/feliz-ano-velho-robinson-cavalcanti-1944-2012-e-o-clade-v\/","title":{"rendered":"Feliz ano velho. Robinson Cavalcanti e o CLADE V"},"content":{"rendered":"<p>Robinson Cavalcanti, nosso querido colunista e bispo da Igreja Anglicana, faria hoje 68 anos. Por ocasi\u00e3o da sua morte tr\u00e1gica, lamentamos e celebramos a vida e a mem\u00f3ria do not\u00e1vel professor e pastor de muitas gera\u00e7\u00f5es de crist\u00e3os, com o lan\u00e7amento do <a href=\"http:\/\/ultimato.com.br\/sites\/robinsoncavalcanti\/\">Memorial Robinson Cavalcanti<\/a>.<\/p>\n<p>Hoje, dia do seu anivers\u00e1rio e \u00e0s v\u00e9speras do <a href=\"http:\/\/www.clade5.org\/index.php\/es\/\">CLADE V<\/a>, o blog oferece ao leitor um r\u00e1pido resumo dos CLADE\u2019s anteriores e a convoca\u00e7\u00e3o do pr\u00f3prio bispo Robinson \u00e0 igreja brasileira para o Congresso a ser realizado em Costa Rica, entre os dias 9 a 14 de julho.\u00a0E, vale a pena ler de novo, a pergunta feita pela pr\u00f3prio bispo, antes do CLADE IV, em 1999: <a href=\"http:\/\/www.ultimato.com.br\/revista\/artigos\/260\/para-que-um-clade-iv\">Para que um CLADE IV?<\/a><br \/>\n<br \/>\n<img src=\"https:\/\/ultimato.com.br\/sites\/blogdaultimato\/wp-content\/plugins\/lightview-plus\/img\/novideo.png\" width=\"300\" height=\"168\" alt=\"Video not available\" \/><br \/><\/p>\n","protected":false},"excerpt":{"rendered":"<p>Robinson Cavalcanti, nosso querido colunista e bispo da Igreja Anglicana, faria hoje 68 anos. Por ocasi\u00e3o da sua morte tr\u00e1gica, lamentamos e celebramos a vida e a mem\u00f3ria do not\u00e1vel professor e pastor de muitas gera\u00e7\u00f5es de crist\u00e3os, com o lan\u00e7amento do Memorial Robinson Cavalcanti.<br \/>\nHoje, dia do seu anivers\u00e1rio e \u00e0s v\u00e9speras do CLADE V, [&#8230;]<\/p>\n","protected":false},"author":6,"featured_media":0,"comment_status":"open","ping_status":"open","sticky":false,"template":"","format":"standard","meta":{"ngg_post_thumbnail":0,"footnotes":""},"categories":[9536],"tags":[],"class_list":["post-3726","post","type-post","status-publish","format-standard","hentry","category-do-editor"],"_links":{"self":[{"href":"https:\/\/ultimato.com.br\/sites\/blogdaultimato\/wp-json\/wp\/v2\/posts\/3726","targetHints":{"allow":["GET"]}}],"collection":[{"href":"https:\/\/ultimato.com.br\/sites\/blogdaultimato\/wp-json\/wp\/v2\/posts"}],"about":[{"href":"https:\/\/ultimato.com.br\/sites\/blogdaultimato\/wp-json\/wp\/v2\/types\/post"}],"author":[{"embeddable":true,"href":"https:\/\/ultimato.com.br\/sites\/blogdaultimato\/wp-json\/wp\/v2\/users\/6"}],"replies":[{"embeddable":true,"href":"https:\/\/ultimato.com.br\/sites\/blogdaultimato\/wp-json\/wp\/v2\/comments?post=3726"}],"version-history":[{"count":6,"href":"https:\/\/ultimato.com.br\/sites\/blogdaultimato\/wp-json\/wp\/v2\/posts\/3726\/revisions"}],"predecessor-version":[{"id":3732,"href":"https:\/\/ultimato.com.br\/sites\/blogdaultimato\/wp-json\/wp\/v2\/posts\/3726\/revisions\/3732"}],"wp:attachment":[{"href":"https:\/\/ultimato.com.br\/sites\/blogdaultimato\/wp-json\/wp\/v2\/media?parent=3726"}],"wp:term":[{"taxonomy":"category","embeddable":true,"href":"https:\/\/ultimato.com.br\/sites\/blogdaultimato\/wp-json\/wp\/v2\/categories?post=3726"},{"taxonomy":"post_tag","embeddable":true,"href":"https:\/\/ultimato.com.br\/sites\/blogdaultimato\/wp-json\/wp\/v2\/tags?post=3726"}],"curies":[{"name":"wp","href":"https:\/\/api.w.org\/{rel}","templated":true}]}}