{"id":3686,"date":"2012-06-11T09:20:06","date_gmt":"2012-06-11T12:20:06","guid":{"rendered":"http:\/\/ultimato.com.br\/sites\/blogdaultimato\/?p=3686"},"modified":"2012-06-11T10:24:34","modified_gmt":"2012-06-11T13:24:34","slug":"o-que-fazer-com-os-sem-igrejas","status":"publish","type":"post","link":"https:\/\/ultimato.com.br\/sites\/blogdaultimato\/2012\/06\/11\/o-que-fazer-com-os-sem-igrejas\/","title":{"rendered":"O que fazer com os \u201csem-igrejas\u201d?"},"content":{"rendered":"<p>Em breve vamos ter mais um adesivo enfeitando os carros que circulam pelas ruas do pa\u00eds: \u201cEx-igreja: voc\u00ea ainda vai ter uma\u201d. Estas e outras quest\u00e3os est\u00e3o no nosso lan\u00e7amento de junho: <a href=\"http:\/\/ultimato.com.br\/sites\/de-outra-chance-igreja\/\">D\u00ea Outra Chance \u00e0 Igreja<\/a>. O autor abre o livro com um pref\u00e1cio certeiro sobre o assunto: &#8220;De igrejados, para desigrejados a reigrejados&#8221;.<!--more--><br \/>\nA pergunta que tem sido feita repetidamente \u00e9: o que fazer com os &#8220;sem-igrejas&#8221;? Ou ainda: &#8220;O que os &#8220;sem-igrejas&#8221; fazem? Para ajudar na discuss\u00e3o, o blog relembra ao leitor um pouco do que a revista Ultimato publicou nos \u00faltimos meses.<\/p>\n<p>Paul Freston trata do assunto respondendo \u00e0 pergunta: <a href=\"http:\/\/www.ultimato.com.br\/revista\/artigos\/333\/como-sera-a-igreja-evangelica-brasileira-de-2040\">Como ser\u00e1 a igreja evang\u00e9lica brasileira de 2040?<\/a><\/p>\n<p>Ed Ren\u00e9 Kivitz, responde exatamente \u00e0 pergunta: \u201c<a href=\"http:\/\/www.ultimato.com.br\/revista\/artigos\/328\/cotidiano-o-leitor-pergunta-1\">Estou decepcionado com a Igreja. O que devo fazer<\/a>\u201d?<\/p>\n<p>E, por \u00faltimo, <a href=\"http:\/\/www.ultimato.com.br\/revista\/artigos\/328\/cotidiano-o-leitor-pergunta-1\">A Igreja na Berlinda<\/a>, do pastor Elben C\u00e9sar. Lembrando que a igreja que est\u00e1 em evid\u00eancia \u201cdiz respeito \u00e0 igreja cat\u00f3lica romana, \u00e0 igreja reformada, \u00e0s igrejas hist\u00f3ricas, \u00e0s igrejas pentecostais (inclusive o movimento carism\u00e1tico cat\u00f3lico), \u00e0s igrejas neopentecostais e aos crist\u00e3os sem nome ou sem igreja\u201d. Leia tamb\u00e9m a nota de lan\u00e7amento no portal: <a href=\"http:\/\/www.ultimato.com.br\/conteudo\/de-volta-para-o-futuro-a-igreja-e-o-futuro\">De volta para o futuro. A igreja \u00e9 o futuro<\/a>. Boa leitura.<\/p>\n<p><a href=\"http:\/\/ultimato.com.br\/sites\/de-outra-chance-igreja\/\" target=\"_blank\"><img loading=\"lazy\" decoding=\"async\" class=\" wp-image-3702 alignleft\" title=\"capa_docai\" src=\"http:\/\/ultimato.com.br\/sites\/blogdaultimato\/files\/2012\/06\/capa_frente_docai-C\u00f3pia3.jpg\" alt=\"\" width=\"287\" height=\"427\" srcset=\"https:\/\/ultimato.com.br\/sites\/blogdaultimato\/files\/2012\/06\/capa_frente_docai-C\u00f3pia3.jpg 400w, https:\/\/ultimato.com.br\/sites\/blogdaultimato\/files\/2012\/06\/capa_frente_docai-C\u00f3pia3-201x300.jpg 201w, https:\/\/ultimato.com.br\/sites\/blogdaultimato\/files\/2012\/06\/capa_frente_docai-C\u00f3pia3-100x150.jpg 100w\" sizes=\"auto, (max-width: 287px) 100vw, 287px\" \/><\/a><\/p>\n","protected":false},"excerpt":{"rendered":"<p>Em breve vamos ter mais um adesivo enfeitando os carros que circulam pelas ruas do pa\u00eds: \u201cEx-igreja: voc\u00ea ainda vai ter uma\u201d. Estas e outras quest\u00e3os est\u00e3o no nosso lan\u00e7amento de junho: D\u00ea Outra Chance \u00e0 Igreja. O autor abre o livro com um pref\u00e1cio certeiro sobre o assunto: &#8220;De igrejados, para desigrejados a reigrejados&#8221;.<\/p>\n","protected":false},"author":6,"featured_media":0,"comment_status":"open","ping_status":"open","sticky":false,"template":"","format":"standard","meta":{"ngg_post_thumbnail":0,"footnotes":""},"categories":[9536],"tags":[],"class_list":["post-3686","post","type-post","status-publish","format-standard","hentry","category-do-editor"],"_links":{"self":[{"href":"https:\/\/ultimato.com.br\/sites\/blogdaultimato\/wp-json\/wp\/v2\/posts\/3686","targetHints":{"allow":["GET"]}}],"collection":[{"href":"https:\/\/ultimato.com.br\/sites\/blogdaultimato\/wp-json\/wp\/v2\/posts"}],"about":[{"href":"https:\/\/ultimato.com.br\/sites\/blogdaultimato\/wp-json\/wp\/v2\/types\/post"}],"author":[{"embeddable":true,"href":"https:\/\/ultimato.com.br\/sites\/blogdaultimato\/wp-json\/wp\/v2\/users\/6"}],"replies":[{"embeddable":true,"href":"https:\/\/ultimato.com.br\/sites\/blogdaultimato\/wp-json\/wp\/v2\/comments?post=3686"}],"version-history":[{"count":8,"href":"https:\/\/ultimato.com.br\/sites\/blogdaultimato\/wp-json\/wp\/v2\/posts\/3686\/revisions"}],"predecessor-version":[{"id":3697,"href":"https:\/\/ultimato.com.br\/sites\/blogdaultimato\/wp-json\/wp\/v2\/posts\/3686\/revisions\/3697"}],"wp:attachment":[{"href":"https:\/\/ultimato.com.br\/sites\/blogdaultimato\/wp-json\/wp\/v2\/media?parent=3686"}],"wp:term":[{"taxonomy":"category","embeddable":true,"href":"https:\/\/ultimato.com.br\/sites\/blogdaultimato\/wp-json\/wp\/v2\/categories?post=3686"},{"taxonomy":"post_tag","embeddable":true,"href":"https:\/\/ultimato.com.br\/sites\/blogdaultimato\/wp-json\/wp\/v2\/tags?post=3686"}],"curies":[{"name":"wp","href":"https:\/\/api.w.org\/{rel}","templated":true}]}}