{"id":3682,"date":"2012-06-06T11:14:57","date_gmt":"2012-06-06T14:14:57","guid":{"rendered":"http:\/\/ultimato.com.br\/sites\/blogdaultimato\/?p=3682"},"modified":"2012-06-06T11:15:27","modified_gmt":"2012-06-06T14:15:27","slug":"perseveranca-quem-precisa","status":"publish","type":"post","link":"https:\/\/ultimato.com.br\/sites\/blogdaultimato\/2012\/06\/06\/perseveranca-quem-precisa\/","title":{"rendered":"Perseveran\u00e7a. Quem precisa?"},"content":{"rendered":"<p><em>Por Ivny Monteiro<\/em><\/p>\n<p><a href=\"http:\/\/ultimato.com.br\/sites\/blogdaultimato\/files\/2012\/06\/blog_ult_perseveranca_web.jpg\" class=\"lightview\" data-lightview-group=\"group-3682\" data-lightview-options=\"skin: 'dark', controls: 'relative', padding: '10', shadow: { color: '#000000', opacity: 0.08, blur: 3 }\" data-lightview-title=\"blog_ult_perseveranca_web\"><img loading=\"lazy\" decoding=\"async\" class=\"alignright size-medium wp-image-3683\" title=\"blog_ult_perseveranca_web\" src=\"http:\/\/ultimato.com.br\/sites\/blogdaultimato\/files\/2012\/06\/blog_ult_perseveranca_web-300x256.jpg\" alt=\"\" width=\"300\" height=\"256\" srcset=\"https:\/\/ultimato.com.br\/sites\/blogdaultimato\/files\/2012\/06\/blog_ult_perseveranca_web-300x256.jpg 300w, https:\/\/ultimato.com.br\/sites\/blogdaultimato\/files\/2012\/06\/blog_ult_perseveranca_web-150x128.jpg 150w, https:\/\/ultimato.com.br\/sites\/blogdaultimato\/files\/2012\/06\/blog_ult_perseveranca_web.jpg 400w\" sizes=\"auto, (max-width: 300px) 100vw, 300px\" \/><\/a><\/p>\n<p>Quem nunca precisou ter perseveran\u00e7a para manter uma amizade? Ou para cumprir um objetivo no qual acreditava muito? Ah, certamente a perseveran\u00e7a \u00e9 uma bela virtude. \u00c9 uma daquelas que sustenta relacionamentos, miss\u00f5es e hist\u00f3rias.<\/p>\n<p>Queremos compartilhar sobre a perseveran\u00e7a da Edna. Ela \u00e9 nossa titular de <a href=\"http:\/\/www.ultimato.com.br\/revista\/assinatura-coletiva\">assinatura coletiva<\/a> desde 2010. Os titulares de coletiva s\u00e3o amigos chegados, uma esp\u00e9cie de representantes da Ultimato que motivam um grupo para, juntos, receberem a revista Ultimato e desfrutarem de algumas vantagens da Editora (como descontos nos livros).\u00a0<!--more--><\/p>\n<p>A Edna andava meio desanimada com esta tarefa, afinal, sabemos que n\u00e3o \u00e9 f\u00e1cil manter um grupo encorajado e ativo. Ela quase desistiu. Mas depois de uma conversa com a Tatiana (respons\u00e1vel pelo contato com os titulares de coletiva da Editora Ultimato) e de receber um kit para divulga\u00e7\u00e3o (com v\u00eddeo e material de apoio), a perseveran\u00e7a falou mais alto. Edna montou um pequeno estande na entrada da sua igreja e animou outras pessoas a participarem do grupo. O grupo cresceu e est\u00e1 de volta.<\/p>\n<p>H\u00e1 alguns dias recebemos tamb\u00e9m a confirma\u00e7\u00e3o do apoio de uma igreja que renovou 100 <a href=\"http:\/\/www.ultimato.com.br\/revista\/assinatura-patrocinada\">assinaturas patrocinadas<\/a>. Mais uma hist\u00f3ria de perseveran\u00e7a! Eles decidiram permanecer conosco na a\u00e7\u00e3o de encorajar l\u00edderes brasileiros por meio de literatura crist\u00e3.<\/p>\n<p>S\u00e3o por hist\u00f3rias assim que n\u00f3s tamb\u00e9m n\u00e3o desistimos. Perseveramos na miss\u00e3o de proclamar a boa nova que nunca fica velha, a esperan\u00e7a que nunca morre e um Salvador que nunca muda. Obrigado \u00e0 Edna, aos seus amigos integrantes do grupo e a todos os outros amigos da Ultimato, espalhados por esse Brasil, que t\u00eam perseverado conosco!<\/p>\n","protected":false},"excerpt":{"rendered":"<p>Por Ivny Monteiro<\/p>\n<p>Quem nunca precisou ter perseveran\u00e7a para manter uma amizade? Ou para cumprir um objetivo no qual acreditava muito? Ah, certamente a perseveran\u00e7a \u00e9 uma bela virtude. \u00c9 uma daquelas que sustenta relacionamentos, miss\u00f5es e hist\u00f3rias.<br \/>\nQueremos compartilhar sobre a perseveran\u00e7a da Edna. Ela \u00e9 nossa titular de assinatura coletiva desde 2010. Os titulares de [&#8230;]<\/p>\n","protected":false},"author":4,"featured_media":0,"comment_status":"open","ping_status":"open","sticky":false,"template":"","format":"standard","meta":{"ngg_post_thumbnail":0,"footnotes":""},"categories":[5153],"tags":[],"class_list":["post-3682","post","type-post","status-publish","format-standard","hentry","category-prateleira"],"_links":{"self":[{"href":"https:\/\/ultimato.com.br\/sites\/blogdaultimato\/wp-json\/wp\/v2\/posts\/3682","targetHints":{"allow":["GET"]}}],"collection":[{"href":"https:\/\/ultimato.com.br\/sites\/blogdaultimato\/wp-json\/wp\/v2\/posts"}],"about":[{"href":"https:\/\/ultimato.com.br\/sites\/blogdaultimato\/wp-json\/wp\/v2\/types\/post"}],"author":[{"embeddable":true,"href":"https:\/\/ultimato.com.br\/sites\/blogdaultimato\/wp-json\/wp\/v2\/users\/4"}],"replies":[{"embeddable":true,"href":"https:\/\/ultimato.com.br\/sites\/blogdaultimato\/wp-json\/wp\/v2\/comments?post=3682"}],"version-history":[{"count":2,"href":"https:\/\/ultimato.com.br\/sites\/blogdaultimato\/wp-json\/wp\/v2\/posts\/3682\/revisions"}],"predecessor-version":[{"id":3685,"href":"https:\/\/ultimato.com.br\/sites\/blogdaultimato\/wp-json\/wp\/v2\/posts\/3682\/revisions\/3685"}],"wp:attachment":[{"href":"https:\/\/ultimato.com.br\/sites\/blogdaultimato\/wp-json\/wp\/v2\/media?parent=3682"}],"wp:term":[{"taxonomy":"category","embeddable":true,"href":"https:\/\/ultimato.com.br\/sites\/blogdaultimato\/wp-json\/wp\/v2\/categories?post=3682"},{"taxonomy":"post_tag","embeddable":true,"href":"https:\/\/ultimato.com.br\/sites\/blogdaultimato\/wp-json\/wp\/v2\/tags?post=3682"}],"curies":[{"name":"wp","href":"https:\/\/api.w.org\/{rel}","templated":true}]}}