{"id":3282,"date":"2012-02-24T15:02:00","date_gmt":"2012-02-24T18:02:00","guid":{"rendered":"http:\/\/ultimato.com.br\/sites\/blogdaultimato\/?p=3282"},"modified":"2012-02-24T15:08:54","modified_gmt":"2012-02-24T18:08:54","slug":"rio20-do-que-estamos-falando","status":"publish","type":"post","link":"https:\/\/ultimato.com.br\/sites\/blogdaultimato\/2012\/02\/24\/rio20-do-que-estamos-falando\/","title":{"rendered":"Rio+20: do que estamos falando?"},"content":{"rendered":"<p><a href=\"http:\/\/ultimato.com.br\/sites\/blogdaultimato\/files\/2012\/02\/logo.png\" class=\"lightview\" data-lightview-group=\"group-3282\" data-lightview-options=\"skin: 'dark', controls: 'relative', padding: '10', shadow: { color: '#000000', opacity: 0.08, blur: 3 }\" data-lightview-title=\"logo\"><img loading=\"lazy\" decoding=\"async\" class=\"alignleft  wp-image-3283\" title=\"logo\" src=\"http:\/\/ultimato.com.br\/sites\/blogdaultimato\/files\/2012\/02\/logo.png\" alt=\"\" width=\"223\" height=\"80\" srcset=\"https:\/\/ultimato.com.br\/sites\/blogdaultimato\/files\/2012\/02\/logo.png 319w, https:\/\/ultimato.com.br\/sites\/blogdaultimato\/files\/2012\/02\/logo-300x107.png 300w, https:\/\/ultimato.com.br\/sites\/blogdaultimato\/files\/2012\/02\/logo-150x53.png 150w\" sizes=\"auto, (max-width: 223px) 100vw, 223px\" \/><\/a>A Confer\u00eancia das Na\u00e7\u00f5es Unidas sobre Desenvolvimento Sustent\u00e1vel ocorrer\u00e1 no Rio de Janeiro de 20 a 22 de junho, quando se completam duas d\u00e9cadas da Rio ou Eco 92. Por isto, a Confer\u00eancia \u00e9 conhecida como Rio+20.<\/p>\n<p>O objetivo da Confer\u00eancia \u00e9 \u201cassegurar um comprometimento pol\u00edtico renovado com o desenvolvimento sustent\u00e1vel, avaliar o progresso feito at\u00e9 o momento (&#8230;) al\u00e9m de abordar os novos desafios emergentes\u201d. Os temas da Rio+20 s\u00e3o a economia verde no contexto do desenvolvimento sustent\u00e1vel e da erradica\u00e7\u00e3o da pobreza, e o quadro institucional para o desenvolvimento sustent\u00e1vel.<\/p>\n<p>A Rio+20 \u00e9 um processo intergovernamental dirigido pelos Estados-Membros das Na\u00e7\u00f5es Unidas e Grupos Principais (ou <a href=\"http:\/\/www.rio20.info\/2012\/major-groups-2\" target=\"_blank\">Major Groups<\/a>, formados por nove categorias principais, atrav\u00e9s das quais cidad\u00e3os podem participar de atividades da ONU). Na p\u00e1gina de <a href=\"http:\/\/www.rio20.info\/2012\/major-groups-2\" target=\"_blank\">Major Groups<\/a> h\u00e1 informa\u00e7\u00f5es sobre como estes grupos est\u00e3o se mobilizando e como os cidad\u00e3os podem participar (como exemplo, esta <a href=\"http:\/\/uncsdchildrenyouth.org\/rio20\/mobilizacao-de-jovens-brasileiros-para-a-rio20\/\" target=\"_blank\">plataforma de mobiliza\u00e7\u00e3o de crian\u00e7as e jovens brasileiros para a Rio+20<\/a>).<\/p>\n<p>Antes e durante a Confer\u00eancia oficial, ocorrer\u00e1 a <a href=\"http:\/\/cupuladospovos.org.br\/\" target=\"_blank\">C\u00fapula dos Povos<\/a> na Rio+20 por Justi\u00e7a Social e Ambiental, evento organizado pela sociedade civil global, entre os dias 15 e 23 de junho no Aterro do Flamengo, no Rio de Janeiro.<!--more--><\/p>\n<p>A C\u00fapula dos Povos pretende \u201ctransformar o momento da Rio+20 numa oportunidade para tratar dos graves problemas enfrentados pela humanidade e demonstrar a for\u00e7a pol\u00edtica dos povos organizados. \u2018Venha reinventar o mundo\u2019 \u00e9 o chamado e o convite \u00e0 participa\u00e7\u00e3o para as organiza\u00e7\u00f5es e movimentos sociais do Brasil e do mundo\u201d.<\/p>\n<p>&nbsp;<\/p>\n<p><strong>Mobiliza\u00e7\u00e3o Evang\u00e9lica para a Rio+20: formando um &#8220;coletivo&#8221;!<\/strong><\/p>\n<p><a href=\"http:\/\/ultimato.com.br\/sites\/blogdaultimato\/files\/2012\/02\/fotoecocidada3.jpg\" class=\"lightview\" data-lightview-group=\"group-3282\" data-lightview-options=\"skin: 'dark', controls: 'relative', padding: '10', shadow: { color: '#000000', opacity: 0.08, blur: 3 }\" data-lightview-title=\"fotoecocidada[3]\"><img loading=\"lazy\" decoding=\"async\" class=\"alignright  wp-image-3284\" title=\"fotoecocidada[3]\" src=\"http:\/\/ultimato.com.br\/sites\/blogdaultimato\/files\/2012\/02\/fotoecocidada3.jpg\" alt=\"\" width=\"269\" height=\"202\" srcset=\"https:\/\/ultimato.com.br\/sites\/blogdaultimato\/files\/2012\/02\/fotoecocidada3.jpg 800w, https:\/\/ultimato.com.br\/sites\/blogdaultimato\/files\/2012\/02\/fotoecocidada3-300x225.jpg 300w, https:\/\/ultimato.com.br\/sites\/blogdaultimato\/files\/2012\/02\/fotoecocidada3-150x112.jpg 150w\" sizes=\"auto, (max-width: 269px) 100vw, 269px\" \/><\/a>Nos dias 28, 29 e 30 de novembro de 2011, a Tearfund Brasil se reuniu com organiza\u00e7\u00f5es parceiras para iniciar o processo de mobiliza\u00e7\u00e3o e participa\u00e7\u00e3o da igreja evang\u00e9lica na Rio+20. O objetivo principal deste \u201ccoletivo\u201d \u00e9 informar e envolver a igreja nas discuss\u00f5es socioambientais.<\/p>\n<p>E este processo de informa\u00e7\u00e3o e envolvimento compreende o per\u00edodo anterior a Rio+20 (janeiro a junho) e tamb\u00e9m ap\u00f3s, por meio de materiais informativos e atividades. Os temas que nortear\u00e3o todo o planejamento\/execu\u00e7\u00e3o da mobiliza\u00e7\u00e3o ser\u00e3o: pobreza; \u00e1gua; modelo econ\u00f4mico e consumismo; mudan\u00e7as clim\u00e1ticas e desastres; seguran\u00e7a e soberania alimentar; cidades (mobilidade).<\/p>\n<p>As organiza\u00e7\u00f5es que participaram deste processo inicial foram Alian\u00e7a B\u00edblica Universit\u00e1ria do Brasil (ABUB), ACEV Social, Alian\u00e7a Evang\u00e9lica Brasileira, A Rocha Brasil, Asas de Socorro, Diaconia, Evang\u00e9licos pela Justi\u00e7a, Igreja Batista da Liberdade (SP), CLAI, Rede Fale, Rede Evang\u00e9lica Nacional de A\u00e7\u00e3o Social (RENAS) e Vis\u00e3o Mundial. Instituto Marina Silva, Ultimato e Miss\u00e3o Base n\u00e3o puderam enviar suas representantes, mas, confirmaram apoio neste plano de a\u00e7\u00e3o coletiva.<\/p>\n<p>Na pr\u00f3xima semana enviaremos outra edi\u00e7\u00e3o deste boletim, com informa\u00e7\u00f5es das atividades j\u00e1 realizadas em janeiro e as planejadas para os pr\u00f3ximos meses!<\/p>\n<p>&nbsp;<\/p>\n<p><a href=\"http:\/\/ultimato.com.br\/sites\/blogdaultimato\/files\/2012\/02\/ultimato_27.jpg\" class=\"lightview\" data-lightview-group=\"group-3282\" data-lightview-options=\"skin: 'dark', controls: 'relative', padding: '10', shadow: { color: '#000000', opacity: 0.08, blur: 3 }\" data-lightview-title=\"ultimato_2[7]\"><img loading=\"lazy\" decoding=\"async\" class=\"alignleft  wp-image-3285\" title=\"ultimato_2[7]\" src=\"http:\/\/ultimato.com.br\/sites\/blogdaultimato\/files\/2012\/02\/ultimato_27.jpg\" alt=\"\" width=\"133\" height=\"328\" \/><\/a><strong>H\u00e1 20 anos atr\u00e1s<\/strong><\/p>\n<p>Em maio de 1992, por ocasi\u00e3o da Rio 92, a <strong>revista Ultimato<\/strong> publicou uma edi\u00e7\u00e3o tem\u00e1tica e trouxe mais de dez artigos sobre a situa\u00e7\u00e3o do planeta, estilo de vida, ecologia b\u00edblica.\u00a0<a href=\"http:\/\/issuu.com\/arochabrasil\/docs\/ultimato_rio_92\" target=\"_blank\">Acesse o material completo da edi\u00e7\u00e3o de maio\/92<\/a>.<\/p>\n<p>Neste ano, novamente na edi\u00e7\u00e3o de maio, a <strong>revista Ultimato<\/strong> trar\u00e1 informa\u00e7\u00f5es sobre a Rio+20, com posi\u00e7\u00f5es e perspectivas \u2013 enfocando a articula\u00e7\u00e3o das organiza\u00e7\u00f5es parceiras e como os evang\u00e9licos podem se engajar neste processo.<\/p>\n<p>A revista tamb\u00e9m publicar\u00e1 entrevistas com foco em Mudan\u00e7as Clim\u00e1ticas, Diversidade Socioambiental, Pobreza e Desigualdade e Igreja e Meio Ambiente.<\/p>\n<p>&nbsp;<\/p>\n<p><strong>Jejum de carbono<\/strong><\/p>\n<p>Dos dias 22 de fevereiro a 07 de abril (nos 40 dias que antecedem a P\u00e1scoa) a Tearfund Internacional promove o Jejum de Carbono. A campanha consiste em ora\u00e7\u00e3o e a\u00e7\u00f5es di\u00e1rias que contribuem para a redu\u00e7\u00e3o da emiss\u00e3o de carbono.Acesse os recursos dispon\u00edveis para o Jejum de Carbono (em ingl\u00eas).<\/p>\n<p>&nbsp;<\/p>\n<p>Texto de Giovanna Amaral publicado originalmente no <strong><a href=\"http:\/\/redefale.blogspot.com\/2012\/02\/boletim-igrejas-ecocidadas.html\" target=\"_blank\">blog da Rede FALE<\/a><\/strong><\/p>\n","protected":false},"excerpt":{"rendered":"<p>A Confer\u00eancia das Na\u00e7\u00f5es Unidas sobre Desenvolvimento Sustent\u00e1vel ocorrer\u00e1 no Rio de Janeiro de 20 a 22 de junho, quando se completam duas d\u00e9cadas da Rio ou Eco 92. Por isto, a Confer\u00eancia \u00e9 conhecida como Rio+20.<br \/>\nO objetivo da Confer\u00eancia \u00e9 \u201cassegurar um comprometimento pol\u00edtico renovado com o desenvolvimento sustent\u00e1vel, avaliar o progresso feito at\u00e9 [&#8230;]<\/p>\n","protected":false},"author":21,"featured_media":0,"comment_status":"open","ping_status":"open","sticky":false,"template":"","format":"standard","meta":{"ngg_post_thumbnail":0,"footnotes":""},"categories":[6114],"tags":[],"class_list":["post-3282","post","type-post","status-publish","format-standard","hentry","category-ultimas-de-la"],"_links":{"self":[{"href":"https:\/\/ultimato.com.br\/sites\/blogdaultimato\/wp-json\/wp\/v2\/posts\/3282","targetHints":{"allow":["GET"]}}],"collection":[{"href":"https:\/\/ultimato.com.br\/sites\/blogdaultimato\/wp-json\/wp\/v2\/posts"}],"about":[{"href":"https:\/\/ultimato.com.br\/sites\/blogdaultimato\/wp-json\/wp\/v2\/types\/post"}],"author":[{"embeddable":true,"href":"https:\/\/ultimato.com.br\/sites\/blogdaultimato\/wp-json\/wp\/v2\/users\/21"}],"replies":[{"embeddable":true,"href":"https:\/\/ultimato.com.br\/sites\/blogdaultimato\/wp-json\/wp\/v2\/comments?post=3282"}],"version-history":[{"count":4,"href":"https:\/\/ultimato.com.br\/sites\/blogdaultimato\/wp-json\/wp\/v2\/posts\/3282\/revisions"}],"predecessor-version":[{"id":3289,"href":"https:\/\/ultimato.com.br\/sites\/blogdaultimato\/wp-json\/wp\/v2\/posts\/3282\/revisions\/3289"}],"wp:attachment":[{"href":"https:\/\/ultimato.com.br\/sites\/blogdaultimato\/wp-json\/wp\/v2\/media?parent=3282"}],"wp:term":[{"taxonomy":"category","embeddable":true,"href":"https:\/\/ultimato.com.br\/sites\/blogdaultimato\/wp-json\/wp\/v2\/categories?post=3282"},{"taxonomy":"post_tag","embeddable":true,"href":"https:\/\/ultimato.com.br\/sites\/blogdaultimato\/wp-json\/wp\/v2\/tags?post=3282"}],"curies":[{"name":"wp","href":"https:\/\/api.w.org\/{rel}","templated":true}]}}