{"id":2922,"date":"2011-11-30T16:26:29","date_gmt":"2011-11-30T19:26:29","guid":{"rendered":"http:\/\/ultimato.com.br\/sites\/blogdaultimato\/?p=2922"},"modified":"2011-11-30T16:26:29","modified_gmt":"2011-11-30T19:26:29","slug":"o-homem-faz-parte-do-meio-ambiente-ou-e-uma-peca-distinta","status":"publish","type":"post","link":"https:\/\/ultimato.com.br\/sites\/blogdaultimato\/2011\/11\/30\/o-homem-faz-parte-do-meio-ambiente-ou-e-uma-peca-distinta\/","title":{"rendered":"O homem faz parte do meio ambiente ou \u00e9 uma pe\u00e7a distinta?"},"content":{"rendered":"<p>Cl\u00e1udio Oliver, um dos autores de <a href=\"http:\/\/www.ultimato.com.br\/loja\/produtos\/assim-na-terra-como-no-ceu\" target=\"_blank\">Assim na Terra Como no C\u00e9u<\/a>, respondeu \u00e0 essa e a muitas outras perguntas em uma entrevista \u00e0 TV+. Vale a pena conferir!<\/p>\n<p style=\"text-align: center;\">&#8211;<img src=\"https:\/\/ultimato.com.br\/sites\/blogdaultimato\/wp-content\/plugins\/lightview-plus\/img\/novideo.png\" width=\"300\" height=\"168\" alt=\"Video not available\" \/><br \/>&#8211;<\/p>\n<p><!--more--><\/p>\n<p style=\"text-align: center;\">&#8211;<img src=\"https:\/\/ultimato.com.br\/sites\/blogdaultimato\/wp-content\/plugins\/lightview-plus\/img\/novideo.png\" width=\"300\" height=\"168\" alt=\"Video not available\" \/><br \/>&#8211;<\/p>\n","protected":false},"excerpt":{"rendered":"<p>Cl\u00e1udio Oliver, um dos autores de Assim na Terra Como no C\u00e9u, respondeu \u00e0 essa e a muitas outras perguntas em uma entrevista \u00e0 TV+. Vale a pena conferir!<br \/>\n&#8211;&#8211;<\/p>\n","protected":false},"author":21,"featured_media":0,"comment_status":"open","ping_status":"open","sticky":false,"template":"","format":"standard","meta":{"ngg_post_thumbnail":0,"footnotes":""},"categories":[6114],"tags":[165,115],"class_list":["post-2922","post","type-post","status-publish","format-standard","hentry","category-ultimas-de-la","tag-meio-ambiente","tag-videos"],"_links":{"self":[{"href":"https:\/\/ultimato.com.br\/sites\/blogdaultimato\/wp-json\/wp\/v2\/posts\/2922","targetHints":{"allow":["GET"]}}],"collection":[{"href":"https:\/\/ultimato.com.br\/sites\/blogdaultimato\/wp-json\/wp\/v2\/posts"}],"about":[{"href":"https:\/\/ultimato.com.br\/sites\/blogdaultimato\/wp-json\/wp\/v2\/types\/post"}],"author":[{"embeddable":true,"href":"https:\/\/ultimato.com.br\/sites\/blogdaultimato\/wp-json\/wp\/v2\/users\/21"}],"replies":[{"embeddable":true,"href":"https:\/\/ultimato.com.br\/sites\/blogdaultimato\/wp-json\/wp\/v2\/comments?post=2922"}],"version-history":[{"count":1,"href":"https:\/\/ultimato.com.br\/sites\/blogdaultimato\/wp-json\/wp\/v2\/posts\/2922\/revisions"}],"predecessor-version":[{"id":2923,"href":"https:\/\/ultimato.com.br\/sites\/blogdaultimato\/wp-json\/wp\/v2\/posts\/2922\/revisions\/2923"}],"wp:attachment":[{"href":"https:\/\/ultimato.com.br\/sites\/blogdaultimato\/wp-json\/wp\/v2\/media?parent=2922"}],"wp:term":[{"taxonomy":"category","embeddable":true,"href":"https:\/\/ultimato.com.br\/sites\/blogdaultimato\/wp-json\/wp\/v2\/categories?post=2922"},{"taxonomy":"post_tag","embeddable":true,"href":"https:\/\/ultimato.com.br\/sites\/blogdaultimato\/wp-json\/wp\/v2\/tags?post=2922"}],"curies":[{"name":"wp","href":"https:\/\/api.w.org\/{rel}","templated":true}]}}