{"id":2854,"date":"2011-10-26T10:41:58","date_gmt":"2011-10-26T13:41:58","guid":{"rendered":"http:\/\/ultimato.com.br\/sites\/blogdaultimato\/?p=2854"},"modified":"2011-10-28T15:29:49","modified_gmt":"2011-10-28T18:29:49","slug":"dia-global-de-oracao-e-acao-para-enfrentamento-das-mudancas-climatica","status":"publish","type":"post","link":"https:\/\/ultimato.com.br\/sites\/blogdaultimato\/2011\/10\/26\/dia-global-de-oracao-e-acao-para-enfrentamento-das-mudancas-climatica\/","title":{"rendered":"Ora\u00e7\u00e3o pelas mudan\u00e7as clim\u00e1ticas"},"content":{"rendered":"<blockquote><p>Nem sempre fomos mordomos fi\u00e9is. Devido \u00e0 nossa ignor\u00e2ncia, neglig\u00eancia, arrog\u00e2ncia e cobi\u00e7a, temos causado danos ao planeta e quebrado as rela\u00e7\u00f5es da cria\u00e7\u00e3o (G\u00e9nesis 3.13-24). O nosso fracasso causou a atual crise ambiental, que tem provado as mudan\u00e7as clim\u00e1ticas e colocado em perigo os ecossistemas da Terra. Toda a cria\u00e7\u00e3o est\u00e1 sujeita \u00e0 futilidade e \u00e0 corrup\u00e7\u00e3o decorrentes da nossa desobedi\u00eancia (Romanos 8.20)&#8221;.<br \/>\n<strong>Fragmento da &#8220;Declara\u00e7\u00e3o sobre Mordomia e Altera\u00e7\u00f5es Clim\u00e1ticas&#8221;, 4\u00aa Consulta Trienal da Rede Miqueias.<\/strong><\/p><\/blockquote>\n<p>Vem a\u00ed uma boa oportunidade de colocar em pr\u00e1tica a f\u00e9 que confia em Jesus Cristo como redentor e reconciliador de todas as coisas (2 Co 5.18,19). No dia 6 de novembro acontece o Dia Global de Ora\u00e7\u00e3o e A\u00e7\u00e3o para Enfrentamento das Mudan\u00e7as Clim\u00e1ticas, organizado pela Tearfund. Que tal participar?<\/p>\n<p><strong>ORE<\/strong>: incorpore as altera\u00e7\u00f5es clim\u00e1ticas nas suas ora\u00e7\u00f5es e intercess\u00f5es, durante o culto na igreja. Reze em casa ou re\u00fana-se com os amigos para orar em um grupo pequeno.<!--more--><\/p>\n<p><strong>AJA<\/strong>: Incentive os l\u00edderes mundiais a tomarem medidas ambiciosas e justas para combater as altera\u00e7\u00f5es clim\u00e1ticas e fornecer o financiamento necess\u00e1rio para ajudar as pessoas pobres a se adaptarem e se desenvolverem de forma sustent\u00e1vel. Voc\u00ea pode tamb\u00e9m apoiar minist\u00e9rios que desenvolvam trabalhos nessa \u00e1rea, como \u00e9 o caso da ONG crist\u00e3 <a href=\"http:\/\/www.arocha.org\/br-pt\/index.html\" target=\"_blank\">A Rocha Brasil<\/a> e a <a href=\"http:\/\/redefale.blogspot.com\/\" target=\"_blank\">Rede Fale<\/a>.<\/p>\n<p style=\"text-align: center;\">&#8211;<img src=\"https:\/\/ultimato.com.br\/sites\/blogdaultimato\/wp-content\/plugins\/lightview-plus\/img\/novideo.png\" width=\"300\" height=\"168\" alt=\"Video not available\" \/><br \/>&#8211;<\/p>\n<p>&nbsp;<br \/>\n<strong>Leia tamb\u00e9m<\/strong><\/p>\n<p><a href=\"http:\/\/www.ultimato.com.br\/loja\/produtos\/assim-na-terra-como-no-ceu\" target=\"_blank\">Assim na terra cono no c\u00e9u<\/a><br \/>\n<a href=\"http:\/\/www.ultimato.com.br\/conteudo\/meio-ou-fim\" target=\"_blank\">Meio ou fim?<\/a><\/p>\n","protected":false},"excerpt":{"rendered":"<p>Nem sempre fomos mordomos fi\u00e9is. Devido \u00e0 nossa ignor\u00e2ncia, neglig\u00eancia, arrog\u00e2ncia e cobi\u00e7a, temos causado danos ao planeta e quebrado as rela\u00e7\u00f5es da cria\u00e7\u00e3o (G\u00e9nesis 3.13-24). O nosso fracasso causou a atual crise ambiental, que tem provado as mudan\u00e7as clim\u00e1ticas e colocado em perigo os ecossistemas da Terra. Toda a cria\u00e7\u00e3o est\u00e1 sujeita \u00e0 futilidade [&#8230;]<\/p>\n","protected":false},"author":21,"featured_media":0,"comment_status":"open","ping_status":"open","sticky":false,"template":"","format":"standard","meta":{"ngg_post_thumbnail":0,"footnotes":""},"categories":[6114],"tags":[],"class_list":["post-2854","post","type-post","status-publish","format-standard","hentry","category-ultimas-de-la"],"_links":{"self":[{"href":"https:\/\/ultimato.com.br\/sites\/blogdaultimato\/wp-json\/wp\/v2\/posts\/2854","targetHints":{"allow":["GET"]}}],"collection":[{"href":"https:\/\/ultimato.com.br\/sites\/blogdaultimato\/wp-json\/wp\/v2\/posts"}],"about":[{"href":"https:\/\/ultimato.com.br\/sites\/blogdaultimato\/wp-json\/wp\/v2\/types\/post"}],"author":[{"embeddable":true,"href":"https:\/\/ultimato.com.br\/sites\/blogdaultimato\/wp-json\/wp\/v2\/users\/21"}],"replies":[{"embeddable":true,"href":"https:\/\/ultimato.com.br\/sites\/blogdaultimato\/wp-json\/wp\/v2\/comments?post=2854"}],"version-history":[{"count":7,"href":"https:\/\/ultimato.com.br\/sites\/blogdaultimato\/wp-json\/wp\/v2\/posts\/2854\/revisions"}],"predecessor-version":[{"id":2870,"href":"https:\/\/ultimato.com.br\/sites\/blogdaultimato\/wp-json\/wp\/v2\/posts\/2854\/revisions\/2870"}],"wp:attachment":[{"href":"https:\/\/ultimato.com.br\/sites\/blogdaultimato\/wp-json\/wp\/v2\/media?parent=2854"}],"wp:term":[{"taxonomy":"category","embeddable":true,"href":"https:\/\/ultimato.com.br\/sites\/blogdaultimato\/wp-json\/wp\/v2\/categories?post=2854"},{"taxonomy":"post_tag","embeddable":true,"href":"https:\/\/ultimato.com.br\/sites\/blogdaultimato\/wp-json\/wp\/v2\/tags?post=2854"}],"curies":[{"name":"wp","href":"https:\/\/api.w.org\/{rel}","templated":true}]}}