{"id":2849,"date":"2011-10-24T16:14:58","date_gmt":"2011-10-24T19:14:58","guid":{"rendered":"http:\/\/ultimato.com.br\/sites\/blogdaultimato\/?p=2849"},"modified":"2011-10-25T13:02:33","modified_gmt":"2011-10-25T16:02:33","slug":"6%c2%ba-cbm-nos-estavamos-la","status":"publish","type":"post","link":"https:\/\/ultimato.com.br\/sites\/blogdaultimato\/2011\/10\/24\/6%c2%ba-cbm-nos-estavamos-la\/","title":{"rendered":"6\u00ba CBM: n\u00f3s est\u00e1vamos l\u00e1!"},"content":{"rendered":"<p>Entre as muitas notas, testemunhos e registros que est\u00e3o sendo feitos e divulgados a respeito do 6\u00b0 Congresso Brasileiro de Miss\u00f5es, n\u00e3o podemos deixar de destacar a participa\u00e7\u00e3o da Ultimato. Afinal, entre as dezenas de stands representando escolas, ag\u00eancias, editoras e outros grupos promotores de miss\u00f5es, n\u00f3s est\u00e1vamos l\u00e1 e, conosco, nossos livros, revista e muitos parceiros e amigos.<\/p>\n<p>Durante os cinco dias de divulga\u00e7\u00e3o e vendas recebemos a visita de diversas pessoas: os admiradores de outrora \u2013 que sempre fraternos, compram, divulgam e trazem mais um amigo para conhecer o trabalho da editora; os que nunca ouviram falar da Ultimato e t\u00eam a maior paci\u00eancia em acompanhar explica\u00e7\u00f5es e preencher cadastros; os que t\u00eam muitos de nossos livros \u2013 alguns ainda embalados no pl\u00e1stico, esperando sua vez para serem lidos \u2013 e que compram mais um, dois ou tr\u00eas exemplares; os que reclamam dos pre\u00e7os \u2013 afinal est\u00e1vamos num congresso para mission\u00e1rios e este grupo, todos sabem, tem poucos recursos e etc e tal; os que ficam surpresos com a aus\u00eancia de literatura crist\u00e3 para crian\u00e7as<!--more-->; os que admiram o cuidado com o p\u00fablico jovem e se surpreendem com uma proposta de assinatura anual da revista Ultimato por apenas R$9,90; os que argumentam, insistem e negociam maiores descontos; os que se sentam e contam casos como se estiv\u00e9ssemos nas boas terras mineiras; os que conhecem o pr. Elben C\u00e9sar \u2013 diretor-redator da Ultimato \u2013 e toda sua fam\u00edlia (e reclamam sua aus\u00eancia no evento); os que pesquisam, folheiam, escolhem, reservam uma pilha de livros e n\u00e3o voltam mais; os que reafirmam a import\u00e2ncia da Ultimato e de todo trabalho da editora para divulgar a Palavra de Deus por meio da literatura que produz e v\u00e1rios outros. Velhos e novos amigos&#8230; Um sem-fim de pessoas!<\/p>\n<p>Vale a pena contar que neste movimento diverso de perfis e prefer\u00eancias, o livro mais requisitado foi <a href=\"http:\/\/www.ultimato.com.br\/loja\/produtos\/o-discipulo-radical\" target=\"_blank\">O Disc\u00edpulo Radical<\/a>, de John Stott (o autor mais procurado!). Os dois lan\u00e7amentos do m\u00eas de outubro,\u00a0<a href=\"http:\/\/www.ultimato.com.br\/loja\/produtos\/criando-filhos-entre-culturas\" target=\"_blank\">Criando filhos entre culturas<\/a> e <a href=\"http:\/\/www.ultimato.com.br\/loja\/produtos\/estamos-de-mudanca\" target=\"_blank\">Estamos de mudan\u00e7a<\/a>, tamb\u00e9m foram acolhidos com muito interesse: h\u00e1 mission\u00e1rios, professores de miss\u00f5es, ag\u00eancias e at\u00e9 familiares preocupados em saber como deve ser o preparo de quem aceita o desafio de viver e servir em outra cultura.<\/p>\n<p>Bem, isso \u00e9 apenas um pouco do que compartilhamos nos dias do congresso. Para contar tudo e incluir os muitos relatos que gravamos, os pedidos, as hist\u00f3rias, exorta\u00e7\u00f5es, sugest\u00f5es e conselhos que ouvimos ter\u00edamos que publicar uma edi\u00e7\u00e3o especial da revista&#8230; por isso, ficamos por aqui!<\/p>\n<p>__________<\/p>\n<p><strong>Ariane Gomes<\/strong> \u00e9 assistente de reda\u00e7\u00e3o da Editora Ultimato<\/p>\n","protected":false},"excerpt":{"rendered":"<p>Entre as muitas notas, testemunhos e registros que est\u00e3o sendo feitos e divulgados a respeito do 6\u00b0 Congresso Brasileiro de Miss\u00f5es, n\u00e3o podemos deixar de destacar a participa\u00e7\u00e3o da Ultimato. Afinal, entre as dezenas de stands representando escolas, ag\u00eancias, editoras e outros grupos promotores de miss\u00f5es, n\u00f3s est\u00e1vamos l\u00e1 e, conosco, nossos livros, revista e [&#8230;]<\/p>\n","protected":false},"author":21,"featured_media":0,"comment_status":"open","ping_status":"open","sticky":false,"template":"","format":"standard","meta":{"ngg_post_thumbnail":0,"footnotes":""},"categories":[5153,6111],"tags":[],"class_list":["post-2849","post","type-post","status-publish","format-standard","hentry","category-prateleira","category-ultimas-de-ca"],"_links":{"self":[{"href":"https:\/\/ultimato.com.br\/sites\/blogdaultimato\/wp-json\/wp\/v2\/posts\/2849","targetHints":{"allow":["GET"]}}],"collection":[{"href":"https:\/\/ultimato.com.br\/sites\/blogdaultimato\/wp-json\/wp\/v2\/posts"}],"about":[{"href":"https:\/\/ultimato.com.br\/sites\/blogdaultimato\/wp-json\/wp\/v2\/types\/post"}],"author":[{"embeddable":true,"href":"https:\/\/ultimato.com.br\/sites\/blogdaultimato\/wp-json\/wp\/v2\/users\/21"}],"replies":[{"embeddable":true,"href":"https:\/\/ultimato.com.br\/sites\/blogdaultimato\/wp-json\/wp\/v2\/comments?post=2849"}],"version-history":[{"count":5,"href":"https:\/\/ultimato.com.br\/sites\/blogdaultimato\/wp-json\/wp\/v2\/posts\/2849\/revisions"}],"predecessor-version":[{"id":2853,"href":"https:\/\/ultimato.com.br\/sites\/blogdaultimato\/wp-json\/wp\/v2\/posts\/2849\/revisions\/2853"}],"wp:attachment":[{"href":"https:\/\/ultimato.com.br\/sites\/blogdaultimato\/wp-json\/wp\/v2\/media?parent=2849"}],"wp:term":[{"taxonomy":"category","embeddable":true,"href":"https:\/\/ultimato.com.br\/sites\/blogdaultimato\/wp-json\/wp\/v2\/categories?post=2849"},{"taxonomy":"post_tag","embeddable":true,"href":"https:\/\/ultimato.com.br\/sites\/blogdaultimato\/wp-json\/wp\/v2\/tags?post=2849"}],"curies":[{"name":"wp","href":"https:\/\/api.w.org\/{rel}","templated":true}]}}