{"id":2836,"date":"2011-10-18T15:49:12","date_gmt":"2011-10-18T18:49:12","guid":{"rendered":"http:\/\/ultimato.com.br\/sites\/blogdaultimato\/?p=2836"},"modified":"2011-10-24T10:51:17","modified_gmt":"2011-10-24T13:51:17","slug":"alegria-crista","status":"publish","type":"post","link":"https:\/\/ultimato.com.br\/sites\/blogdaultimato\/2011\/10\/18\/alegria-crista\/","title":{"rendered":"Alegria crist\u00e3"},"content":{"rendered":"<blockquote><p>\u00d3 Deus, estou confuso, desnorteado, inseguro, perturbado, triste. Pensei que esta crise iria acabar logo e ela n\u00e3o acabou. Sinto-me preso em uma cela sem janelas. N\u00e3o vejo o sol h\u00e1 muitos dias. S\u00f3 vejo sombras. A escurid\u00e3o me rodeia. N\u00e3o enxergo o que h\u00e1 de bom nesta vida.<\/p><\/blockquote>\n<p><img loading=\"lazy\" decoding=\"async\" class=\"alignleft size-thumbnail wp-image-2840\" src=\"http:\/\/ultimato.com.br\/sites\/blogdaultimato\/files\/2011\/10\/18_10_blogult_sorriso-150x147.jpg\" alt=\"\" width=\"150\" height=\"147\" \/><\/p>\n<p>\u00c9 com essa passagem que Elben C\u00e9sar come\u00e7a o texto <a href=\"http:\/\/www.ultimato.com.br\/revista\/artigos\/332\/clamor-pela-alegria\" target=\"_blank\">Clamor pela alegria<\/a>, um dos mais bonitos integrantes da s\u00e9rie que comp\u00f5e a <a href=\"http:\/\/www.ultimato.com.br\/revista\/332\" target=\"_blank\">revista Ultimato 332<\/a>. Sua dificuldade em encontrar alegria n\u00e3o \u00e9 incomum entre os crist\u00e3os. Cerca de 8% das pessoas que responderam \u00e0 enquete encerrada hoje no site de Ultimato dizem sentir-se sempre tristes, e 11% afirmam estar mais triste que alegre ultimamente. Felizmente, 58% delas v\u00eaem mais motivos para alegrar-se do que se entristecer, enquanto 22% est\u00e3o sempre alegres.<!--more--><\/p>\n<p>Nem sempre \u00e9 poss\u00edvel estar contente. Todavia, a\u00a0alegria crist\u00e3\u00a0diz respeito mais a um exerc\u00edcio do que um &#8220;estado de humor&#8221;, como <a href=\"http:\/\/www.ultimato.com.br\/revista\/artigos\/332\/a-alegria-crista\" target=\"_blank\">destaca Elben<\/a>:<\/p>\n<blockquote><p>Isto pode ser feito por meio do exerc\u00edcio de um esp\u00edrito grato (aqueles que julgam que a vida lhes deve alguma coisa s\u00e3o incapazes de ser felizes), pela lembran\u00e7a constante das promessas do Senhor, pelo encontro amoroso com os irm\u00e3os e irm\u00e3s, pela contempla\u00e7\u00e3o da Cria\u00e7\u00e3o, pela mem\u00f3ria de Cristo e de sua beleza, pela comunh\u00e3o di\u00e1ria com Deus por meio da ora\u00e7\u00e3o e da leitura b\u00edblica, pela viv\u00eancia do discipulado crist\u00e3o, pelo \u201cenchimento\u201d do Esp\u00edrito.<\/p><\/blockquote>\n<p>Na nova enquete dispon\u00edvel no site, a tem\u00e1tica \u00e9 &#8220;verde&#8221;: voc\u00ea acha que envolver-se com a quest\u00e3o ambiental faz parte da miss\u00e3o da Igreja de Cristo ou \u00e9 um mero modismo? Acesse <a href=\"www.ultimato.com.br\" target=\"_blank\">www.ultimato.com.br<\/a> e responda! Para dar sugest\u00f5es de novas enquetes, escreva para <a href=\"ultimatoonline@ultimato.com.br\" target=\"_blank\">ultimatoonline@ultimato.com.br<\/a><\/p>\n","protected":false},"excerpt":{"rendered":"<p>\u00d3 Deus, estou confuso, desnorteado, inseguro, perturbado, triste. Pensei que esta crise iria acabar logo e ela n\u00e3o acabou. Sinto-me preso em uma cela sem janelas. N\u00e3o vejo o sol h\u00e1 muitos dias. S\u00f3 vejo sombras. A escurid\u00e3o me rodeia. N\u00e3o enxergo o que h\u00e1 de bom nesta vida.<\/p>\n<p>\u00c9 com essa passagem que Elben C\u00e9sar [&#8230;]<\/p>\n","protected":false},"author":21,"featured_media":0,"comment_status":"open","ping_status":"open","sticky":false,"template":"","format":"standard","meta":{"ngg_post_thumbnail":0,"footnotes":""},"categories":[6111],"tags":[],"class_list":["post-2836","post","type-post","status-publish","format-standard","hentry","category-ultimas-de-ca"],"_links":{"self":[{"href":"https:\/\/ultimato.com.br\/sites\/blogdaultimato\/wp-json\/wp\/v2\/posts\/2836","targetHints":{"allow":["GET"]}}],"collection":[{"href":"https:\/\/ultimato.com.br\/sites\/blogdaultimato\/wp-json\/wp\/v2\/posts"}],"about":[{"href":"https:\/\/ultimato.com.br\/sites\/blogdaultimato\/wp-json\/wp\/v2\/types\/post"}],"author":[{"embeddable":true,"href":"https:\/\/ultimato.com.br\/sites\/blogdaultimato\/wp-json\/wp\/v2\/users\/21"}],"replies":[{"embeddable":true,"href":"https:\/\/ultimato.com.br\/sites\/blogdaultimato\/wp-json\/wp\/v2\/comments?post=2836"}],"version-history":[{"count":7,"href":"https:\/\/ultimato.com.br\/sites\/blogdaultimato\/wp-json\/wp\/v2\/posts\/2836\/revisions"}],"predecessor-version":[{"id":2848,"href":"https:\/\/ultimato.com.br\/sites\/blogdaultimato\/wp-json\/wp\/v2\/posts\/2836\/revisions\/2848"}],"wp:attachment":[{"href":"https:\/\/ultimato.com.br\/sites\/blogdaultimato\/wp-json\/wp\/v2\/media?parent=2836"}],"wp:term":[{"taxonomy":"category","embeddable":true,"href":"https:\/\/ultimato.com.br\/sites\/blogdaultimato\/wp-json\/wp\/v2\/categories?post=2836"},{"taxonomy":"post_tag","embeddable":true,"href":"https:\/\/ultimato.com.br\/sites\/blogdaultimato\/wp-json\/wp\/v2\/tags?post=2836"}],"curies":[{"name":"wp","href":"https:\/\/api.w.org\/{rel}","templated":true}]}}