{"id":2828,"date":"2011-10-12T10:00:58","date_gmt":"2011-10-12T13:00:58","guid":{"rendered":"http:\/\/ultimato.com.br\/sites\/blogdaultimato\/?p=2828"},"modified":"2011-10-10T14:28:29","modified_gmt":"2011-10-10T17:28:29","slug":"para-que-seus-nomes-sejam-escritos","status":"publish","type":"post","link":"https:\/\/ultimato.com.br\/sites\/blogdaultimato\/2011\/10\/12\/para-que-seus-nomes-sejam-escritos\/","title":{"rendered":"Para que seus nomes sejam escritos&#8230;"},"content":{"rendered":"<p>H\u00e1 muito tempo n\u00e3o experimentava a satisfa\u00e7\u00e3o de desbravar o mato e caminhar pelas terras que rodeiam o Centro Evang\u00e9lico de Miss\u00f5es, em Vi\u00e7osa (MG). Nos anos em que fui estudante, alguns amigos e eu gost\u00e1vamos de aproveitar o final de tardes ensolaradas para \u201csubir o monte\u201d e compartilhar bons momentos juntos cantando, tirando bonitas fotografias ou orando e louvando a Deus por suas maravilhas. Como em todo grupo, t\u00ednhamos os corajosos exploradores que, empunhando uma vara qualquer, iam \u00e0 frente e os mais t\u00edmidos que, comedidos, iam atr\u00e1s, seguindo.<\/p>\n<p><span style=\"color: #ff0000;\">Hoje <\/span>n\u00e3o foi diferente: subimos \u00a0o monte com corajosos e t\u00edmidos, mas, ao contr\u00e1rio de outras vezes, n\u00e3o fomos contemplar o p\u00f4r-do-sol nem orar; fomos descobrir de que maneira pod\u00edamos ajudar tr\u00eas bombeiros da Universidade Federal de Vi\u00e7osa que lutavam\u00a0incansavelmente\u00a0contra focos de fogo que se espalhavam mata afora.\u00a0\u00c9ramos Heather, Juliani, La\u00eds, Paulo, Sara, alunos do CEM; o adolescente Guilherme e eu.<!--more--><\/p>\n<p>Por volta do meio-dia observ\u00e1vamos, do quintal da escola de miss\u00f5es, o fogo consumir o mato e suas grandes chamas se alastrarem pelo monte. Lament\u00e1vamos pelos animais, pelas \u00e1rvores e pelo que restava de prados verdes. Tem\u00edamos tamb\u00e9m que, por conta do vento e da seca \u2013 h\u00e1 muitos meses n\u00e3o temos chuvas fortes nesta regi\u00e3o \u2013, o fogo chegasse at\u00e9 onde est\u00e1vamos e pens\u00e1vamos em v\u00e1rias alternativas para socorrer a n\u00f3s mesmos e alguns de nossos bens. Mas felizmente n\u00e3o ficamos s\u00f3 no pensamento e decidimos ir at\u00e9 o problema. Quer\u00edamos fazer algo para ajudar e, conquanto nenhum de n\u00f3s fosse bombeiro, socorrista ou coisa semelhante, entendemos que talvez nossa presen\u00e7a e um pouco de \u00e1gua fresca pudesse ser \u00fatil para aqueles homens que de longe admir\u00e1vamos.<\/p>\n<p>E partimos para nossa miss\u00e3o. Nunca subimos o monte t\u00e3o r\u00e1pido como desta vez: a necessidade e a urg\u00eancia nos impulsionaram a despeito de qualquer receio \u2013 o sol escaldante do in\u00edcio da tarde, a poss\u00edvel presen\u00e7a de cobras e carrapatos, a lama do c\u00f3rrego etc.  Ao chegar perto das chamas ficamos admirados com a extens\u00e3o do problema. Fomos muito bem recebidos e logo come\u00e7amos a trabalhar ajudando a eliminar pequenos focos de fogo e a carregar extintores (duro exerc\u00edcio!).<\/p>\n<p>Para cima e para baixo, para a esquerda e para a direita, obedecendo \u00e0s ordens de um dos bombeiros seguimos aquecidos por todos os lados e sentindo-nos cansados, mas sem esmorecer. Fizemos o que pudemos e ficamos muito felizes por isso. Os tr\u00eas admirados profissionais de socorro agradeceram muito a nossa iniciativa e disposi\u00e7\u00e3o em \u201ccarregar o fardo\u201d junto com eles e n\u00f3s agradecemos por nos deixarem participar.<\/p>\n<p>Na hora da despedida, um deles nos disse que dev\u00edamos ligar para o Corpo de Bombeiros da Universidade e dar os nossos nomes para que fossem escritos em seus registros de eventos. Diante do convite, percebi que todos silenciamos, para concluir em seguida que isso n\u00e3o  seria preciso. Est\u00e1vamos simplesmente felizes pelo que compartilhamos ali.<\/p>\n<p>Mesmo deixando ainda algumas chamas e um pouco preocupados voltamos jubilosos para o nosso posto de observa\u00e7\u00e3o. Fal\u00e1vamos, sorr\u00edamos e segu\u00edamos colhendo lim\u00f5es, encharcando o p\u00e9 na lama e salvando na pr\u00f3pria pele alguns carrapatos. Sorte deles!<\/p>\n<p>_________<\/p>\n<p><strong>Ariane Gomes<\/strong> \u00e9 assistente de reda\u00e7\u00e3o da Editora Ultimato<\/p>\n","protected":false},"excerpt":{"rendered":"<p>H\u00e1 muito tempo n\u00e3o experimentava a satisfa\u00e7\u00e3o de desbravar o mato e caminhar pelas terras que rodeiam o Centro Evang\u00e9lico de Miss\u00f5es, em Vi\u00e7osa (MG). Nos anos em que fui estudante, alguns amigos e eu gost\u00e1vamos de aproveitar o final de tardes ensolaradas para \u201csubir o monte\u201d e compartilhar bons momentos juntos cantando, tirando bonitas [&#8230;]<\/p>\n","protected":false},"author":21,"featured_media":0,"comment_status":"open","ping_status":"open","sticky":false,"template":"","format":"standard","meta":{"ngg_post_thumbnail":0,"footnotes":""},"categories":[5153],"tags":[],"class_list":["post-2828","post","type-post","status-publish","format-standard","hentry","category-prateleira"],"_links":{"self":[{"href":"https:\/\/ultimato.com.br\/sites\/blogdaultimato\/wp-json\/wp\/v2\/posts\/2828","targetHints":{"allow":["GET"]}}],"collection":[{"href":"https:\/\/ultimato.com.br\/sites\/blogdaultimato\/wp-json\/wp\/v2\/posts"}],"about":[{"href":"https:\/\/ultimato.com.br\/sites\/blogdaultimato\/wp-json\/wp\/v2\/types\/post"}],"author":[{"embeddable":true,"href":"https:\/\/ultimato.com.br\/sites\/blogdaultimato\/wp-json\/wp\/v2\/users\/21"}],"replies":[{"embeddable":true,"href":"https:\/\/ultimato.com.br\/sites\/blogdaultimato\/wp-json\/wp\/v2\/comments?post=2828"}],"version-history":[{"count":3,"href":"https:\/\/ultimato.com.br\/sites\/blogdaultimato\/wp-json\/wp\/v2\/posts\/2828\/revisions"}],"predecessor-version":[{"id":2831,"href":"https:\/\/ultimato.com.br\/sites\/blogdaultimato\/wp-json\/wp\/v2\/posts\/2828\/revisions\/2831"}],"wp:attachment":[{"href":"https:\/\/ultimato.com.br\/sites\/blogdaultimato\/wp-json\/wp\/v2\/media?parent=2828"}],"wp:term":[{"taxonomy":"category","embeddable":true,"href":"https:\/\/ultimato.com.br\/sites\/blogdaultimato\/wp-json\/wp\/v2\/categories?post=2828"},{"taxonomy":"post_tag","embeddable":true,"href":"https:\/\/ultimato.com.br\/sites\/blogdaultimato\/wp-json\/wp\/v2\/tags?post=2828"}],"curies":[{"name":"wp","href":"https:\/\/api.w.org\/{rel}","templated":true}]}}