{"id":2817,"date":"2011-10-06T11:44:21","date_gmt":"2011-10-06T14:44:21","guid":{"rendered":"http:\/\/ultimato.com.br\/sites\/blogdaultimato\/?p=2817"},"modified":"2011-10-06T11:47:45","modified_gmt":"2011-10-06T14:47:45","slug":"perseguicao","status":"publish","type":"post","link":"https:\/\/ultimato.com.br\/sites\/blogdaultimato\/2011\/10\/06\/perseguicao\/","title":{"rendered":"Persegui\u00e7\u00e3o"},"content":{"rendered":"<blockquote><p>&#8220;Ent\u00e3o eles os entregar\u00e3o para serem perseguidos e condenados \u00e0 morte, e voc\u00eas ser\u00e3o odiados por todas as na\u00e7\u00f5es por minha causa.&#8221;<br \/>\nMateus 24:9<\/p><\/blockquote>\n<p>Tem sido emocionante ver o envolvimento de milhares de pessoas em torno da situa\u00e7\u00e3o do pastor iraniano Yousef Nadarkhani, condenado \u00e0 morte por deixar a f\u00e9 isl\u00e2mica e confessar-se seguidor de Cristo. A causa chegou at\u00e9 o Senado brasileiro, segundo <a href=\"http:\/\/www.portasabertas.org.br\/noticias\/2011\/10\/1185253\/\" target=\"_blank\">not\u00edcia da Miss\u00e3o Portas Abertas<\/a>, que sugere enviarmos cartas aos nossos representantes pedindo a manifesta\u00e7\u00e3o de rep\u00fadio do governo brasileiro \u00e0 atitude do estado iraniano.<!--more--><\/p>\n<div id=\"attachment_2820\" style=\"width: 170px\" class=\"wp-caption alignleft\"><a href=\"http:\/\/ultimato.com.br\/sites\/blogdaultimato\/files\/2011\/10\/pastor-iraniano-yusef-nadarkhani2.jpg\" class=\"lightview\" data-lightview-group=\"group-2817\" data-lightview-options=\"skin: 'dark', controls: 'relative', padding: '10', shadow: { color: '#000000', opacity: 0.08, blur: 3 }\"><img loading=\"lazy\" decoding=\"async\" aria-describedby=\"caption-attachment-2820\" class=\"size-full wp-image-2820 \" src=\"http:\/\/ultimato.com.br\/sites\/blogdaultimato\/files\/2011\/10\/pastor-iraniano-yusef-nadarkhani2.jpg\" alt=\"\" width=\"160\" height=\"134\" srcset=\"https:\/\/ultimato.com.br\/sites\/blogdaultimato\/files\/2011\/10\/pastor-iraniano-yusef-nadarkhani2.jpg 267w, https:\/\/ultimato.com.br\/sites\/blogdaultimato\/files\/2011\/10\/pastor-iraniano-yusef-nadarkhani2-150x125.jpg 150w\" sizes=\"auto, (max-width: 160px) 100vw, 160px\" \/><\/a><p id=\"caption-attachment-2820\" class=\"wp-caption-text\">Yousef pode ser executado por n\u00e3o negar a f\u00e9 em Jesus Cristo<\/p><\/div>\n<p>Se voc\u00ea tamb\u00e9m se sentiu confrontado pela situa\u00e7\u00e3o de Yousef, pode ajudar orando<\/p>\n<p>1) pelo conforto da fam\u00edlia e da igreja;<\/p>\n<p>2) para que os mission\u00e1rios n\u00e3o se sintam intimidados, mas que essa situa\u00e7\u00e3o fortale\u00e7a a sua f\u00e9;<\/p>\n<p>3) pelos crist\u00e3os daquele pa\u00eds;<\/p>\n<p>4) especialmente por ele. Para que ele n\u00e3o seja executado e que Deus conforte seu cora\u00e7\u00e3o e o prepare para receber o que for da Sua vontade.<\/p>\n<p>&nbsp;<\/p>\n<p>O blogueiro da Veja, Reinaldo Azevedo, publicou um <a href=\"http:\/\/veja.abril.com.br\/blog\/reinaldo\/geral\/este-homem-foi-condenado-a-morte-no-ira-por-ser-cristao-ele-pode-se-salvar-basta-renunciar-a-cristo\/\" target=\"_blank\">artigo de opini\u00e3o sobre o caso<\/a>. Recomendamos sua leitura.<\/p>\n","protected":false},"excerpt":{"rendered":"<p>&#8220;Ent\u00e3o eles os entregar\u00e3o para serem perseguidos e condenados \u00e0 morte, e voc\u00eas ser\u00e3o odiados por todas as na\u00e7\u00f5es por minha causa.&#8221;<br \/>\nMateus 24:9<br \/>\nTem sido emocionante ver o envolvimento de milhares de pessoas em torno da situa\u00e7\u00e3o do pastor iraniano Yousef Nadarkhani, condenado \u00e0 morte por deixar a f\u00e9 isl\u00e2mica e confessar-se seguidor de Cristo. A [&#8230;]<\/p>\n","protected":false},"author":21,"featured_media":0,"comment_status":"open","ping_status":"open","sticky":false,"template":"","format":"standard","meta":{"ngg_post_thumbnail":0,"footnotes":""},"categories":[6113,6114],"tags":[],"class_list":["post-2817","post","type-post","status-publish","format-standard","hentry","category-leitura-dinamica","category-ultimas-de-la"],"_links":{"self":[{"href":"https:\/\/ultimato.com.br\/sites\/blogdaultimato\/wp-json\/wp\/v2\/posts\/2817","targetHints":{"allow":["GET"]}}],"collection":[{"href":"https:\/\/ultimato.com.br\/sites\/blogdaultimato\/wp-json\/wp\/v2\/posts"}],"about":[{"href":"https:\/\/ultimato.com.br\/sites\/blogdaultimato\/wp-json\/wp\/v2\/types\/post"}],"author":[{"embeddable":true,"href":"https:\/\/ultimato.com.br\/sites\/blogdaultimato\/wp-json\/wp\/v2\/users\/21"}],"replies":[{"embeddable":true,"href":"https:\/\/ultimato.com.br\/sites\/blogdaultimato\/wp-json\/wp\/v2\/comments?post=2817"}],"version-history":[{"count":4,"href":"https:\/\/ultimato.com.br\/sites\/blogdaultimato\/wp-json\/wp\/v2\/posts\/2817\/revisions"}],"predecessor-version":[{"id":2821,"href":"https:\/\/ultimato.com.br\/sites\/blogdaultimato\/wp-json\/wp\/v2\/posts\/2817\/revisions\/2821"}],"wp:attachment":[{"href":"https:\/\/ultimato.com.br\/sites\/blogdaultimato\/wp-json\/wp\/v2\/media?parent=2817"}],"wp:term":[{"taxonomy":"category","embeddable":true,"href":"https:\/\/ultimato.com.br\/sites\/blogdaultimato\/wp-json\/wp\/v2\/categories?post=2817"},{"taxonomy":"post_tag","embeddable":true,"href":"https:\/\/ultimato.com.br\/sites\/blogdaultimato\/wp-json\/wp\/v2\/tags?post=2817"}],"curies":[{"name":"wp","href":"https:\/\/api.w.org\/{rel}","templated":true}]}}