{"id":2812,"date":"2011-09-30T10:00:57","date_gmt":"2011-09-30T13:00:57","guid":{"rendered":"http:\/\/ultimato.com.br\/sites\/blogdaultimato\/?p=2812"},"modified":"2011-09-29T18:13:59","modified_gmt":"2011-09-29T21:13:59","slug":"seguidores","status":"publish","type":"post","link":"https:\/\/ultimato.com.br\/sites\/blogdaultimato\/2011\/09\/30\/seguidores\/","title":{"rendered":"Seguidores"},"content":{"rendered":"<p><a href=\"http:\/\/twitter.com\/#!\/ultimato\"><img loading=\"lazy\" decoding=\"async\" class=\"size-thumbnail wp-image-2814 alignleft\" src=\"http:\/\/ultimato.com.br\/sites\/blogdaultimato\/files\/2011\/09\/29_09_twitter_ultimato1-150x150.jpg\" alt=\"\" width=\"150\" height=\"150\" srcset=\"https:\/\/ultimato.com.br\/sites\/blogdaultimato\/files\/2011\/09\/29_09_twitter_ultimato1-150x150.jpg 150w, https:\/\/ultimato.com.br\/sites\/blogdaultimato\/files\/2011\/09\/29_09_twitter_ultimato1-80x80.jpg 80w\" sizes=\"auto, (max-width: 150px) 100vw, 150px\" \/><\/a>H\u00e1 cerca de duas semanas anunciamos na nossa reuni\u00e3o de ora\u00e7\u00e3o que est\u00e1vamos pr\u00f3ximos de alcan\u00e7ar dez mil seguidores no Twitter. \u00c9lben C\u00e9sar, que n\u00e3o tem nenhum contato com a plataforma e a realidade das redes sociais, arregalou bem os olhos, levando o an\u00fancio ao p\u00e9 da letra: &#8220;SEGUIDORES?!&#8221;. As risadas foram gerais. Ele logo compreendeu que se tratava de um vocabul\u00e1rio pr\u00f3prio da internet e o equ\u00edvoco foi desfeito. N\u00e3o estamos criando nenhuma seita ou coisa parecida&#8230;<\/p>\n<p>N\u00e3o sabemos precisar ao certo quando o marco foi ultrapassado, mas entre o s\u00e1bado 24 e o domingo 25\/9, esse n\u00famero finalmente completou-se. J\u00e1 havia duas semanas est\u00e1vamos com expectativa sobre o fato. Aproveitamos a oportunidade para sortear dois exemplares do lan\u00e7amento de agosto, Nem Monge, Nem Executivo, entre nossos companheiros de caminhada, ali chamados, realmente, de seguidores.<\/p>\n<p>&nbsp;<\/p>\n<p>A distin\u00e7\u00e3o \u00e9 importante: no contexto crist\u00e3o n\u00e3o somos quem lidera. No final, somos todos seguidores.<\/p>\n","protected":false},"excerpt":{"rendered":"<p>H\u00e1 cerca de duas semanas anunciamos na nossa reuni\u00e3o de ora\u00e7\u00e3o que est\u00e1vamos pr\u00f3ximos de alcan\u00e7ar dez mil seguidores no Twitter. \u00c9lben C\u00e9sar, que n\u00e3o tem nenhum contato com a plataforma e a realidade das redes sociais, arregalou bem os olhos, levando o an\u00fancio ao p\u00e9 da letra: &#8220;SEGUIDORES?!&#8221;. As risadas foram gerais. Ele logo [&#8230;]<\/p>\n","protected":false},"author":21,"featured_media":0,"comment_status":"open","ping_status":"open","sticky":false,"template":"","format":"standard","meta":{"ngg_post_thumbnail":0,"footnotes":""},"categories":[5153],"tags":[],"class_list":["post-2812","post","type-post","status-publish","format-standard","hentry","category-prateleira"],"_links":{"self":[{"href":"https:\/\/ultimato.com.br\/sites\/blogdaultimato\/wp-json\/wp\/v2\/posts\/2812","targetHints":{"allow":["GET"]}}],"collection":[{"href":"https:\/\/ultimato.com.br\/sites\/blogdaultimato\/wp-json\/wp\/v2\/posts"}],"about":[{"href":"https:\/\/ultimato.com.br\/sites\/blogdaultimato\/wp-json\/wp\/v2\/types\/post"}],"author":[{"embeddable":true,"href":"https:\/\/ultimato.com.br\/sites\/blogdaultimato\/wp-json\/wp\/v2\/users\/21"}],"replies":[{"embeddable":true,"href":"https:\/\/ultimato.com.br\/sites\/blogdaultimato\/wp-json\/wp\/v2\/comments?post=2812"}],"version-history":[{"count":2,"href":"https:\/\/ultimato.com.br\/sites\/blogdaultimato\/wp-json\/wp\/v2\/posts\/2812\/revisions"}],"predecessor-version":[{"id":2816,"href":"https:\/\/ultimato.com.br\/sites\/blogdaultimato\/wp-json\/wp\/v2\/posts\/2812\/revisions\/2816"}],"wp:attachment":[{"href":"https:\/\/ultimato.com.br\/sites\/blogdaultimato\/wp-json\/wp\/v2\/media?parent=2812"}],"wp:term":[{"taxonomy":"category","embeddable":true,"href":"https:\/\/ultimato.com.br\/sites\/blogdaultimato\/wp-json\/wp\/v2\/categories?post=2812"},{"taxonomy":"post_tag","embeddable":true,"href":"https:\/\/ultimato.com.br\/sites\/blogdaultimato\/wp-json\/wp\/v2\/tags?post=2812"}],"curies":[{"name":"wp","href":"https:\/\/api.w.org\/{rel}","templated":true}]}}