{"id":2803,"date":"2011-09-29T17:07:54","date_gmt":"2011-09-29T20:07:54","guid":{"rendered":"http:\/\/ultimato.com.br\/sites\/blogdaultimato\/?p=2803"},"modified":"2011-09-29T17:36:47","modified_gmt":"2011-09-29T20:36:47","slug":"mudancas","status":"publish","type":"post","link":"https:\/\/ultimato.com.br\/sites\/blogdaultimato\/2011\/09\/29\/mudancas\/","title":{"rendered":"Mudan\u00e7as"},"content":{"rendered":"<div id=\"attachment_2804\" style=\"width: 246px\" class=\"wp-caption alignright\"><a href=\"http:\/\/ultimato.com.br\/sites\/blogdaultimato\/files\/2011\/09\/29_09_nucleoweb_dinamica.jpg\" class=\"lightview\" data-lightview-group=\"group-2803\" data-lightview-options=\"skin: 'dark', controls: 'relative', padding: '10', shadow: { color: '#000000', opacity: 0.08, blur: 3 }\"><img loading=\"lazy\" decoding=\"async\" aria-describedby=\"caption-attachment-2804\" class=\"size-full wp-image-2804 \" src=\"http:\/\/ultimato.com.br\/sites\/blogdaultimato\/files\/2011\/09\/29_09_nucleoweb_dinamica.jpg\" alt=\"\" width=\"236\" height=\"202\" srcset=\"https:\/\/ultimato.com.br\/sites\/blogdaultimato\/files\/2011\/09\/29_09_nucleoweb_dinamica.jpg 394w, https:\/\/ultimato.com.br\/sites\/blogdaultimato\/files\/2011\/09\/29_09_nucleoweb_dinamica-300x255.jpg 300w, https:\/\/ultimato.com.br\/sites\/blogdaultimato\/files\/2011\/09\/29_09_nucleoweb_dinamica-150x127.jpg 150w\" sizes=\"auto, (max-width: 236px) 100vw, 236px\" \/><\/a><p id=\"caption-attachment-2804\" class=\"wp-caption-text\">Pabline e Raquel, do n\u00facleo Web, explicaram a din\u00e2mica que representou seus fluxos de trabalho<\/p><\/div>\n<p>A Editora Ultimato, no alto dos seus 43 anos, n\u00e3o tem medo de mudan\u00e7as. Nesta manh\u00e3 todos os funcion\u00e1rios se reuniram para ouvir as principais a\u00e7\u00f5es e inova\u00e7\u00f5es de quatro setores: N\u00facleo Web, Circula\u00e7\u00e3o, Gest\u00e3o de Pessoas e Marketing\/Comunica\u00e7\u00e3o.<\/p>\n<p>Ap\u00f3s uma palavra pastoral da diretora Kl\u00eania Fassoni e a introdu\u00e7\u00e3o feita pelo diretor financeiro, Emmanuel Bastos, sobre a situa\u00e7\u00e3o financeira da editora, ouvimos os colaboradores dos setores.<\/p>\n<p>Usando bexigas que foram passadas de m\u00e3o em m\u00e3o por todos, o N\u00facleo Web enfatizou o fluxo de informa\u00e7\u00f5es caracter\u00edsticos da internet e que produtos desenvolve: site, blogs, intera\u00e7\u00e3o com leitores, boletins eletr\u00f4nicos, entre outros. Um dado importante: nos \u00faltimos 12 meses, o site teve um aumento de mais 57% no n\u00famero de visitantes. As atividades deste n\u00facleo j\u00e1 existiam, mas a equipe foi montada neste ano.<!--more--><\/p>\n<p>No setor de Circula\u00e7\u00e3o a grande novidade foi a implanta\u00e7\u00e3o em maio de 2011 da nota fiscal com certifica\u00e7\u00e3o eletr\u00f4nica. O processo ficou muito mais r\u00e1pido. O cliente recebe o arquivo eletr\u00f4nico e a Receita Federal j\u00e1 \u00e9 avisada (se for pessoa jur\u00eddica). Com esta e outras mudan\u00e7as, o trabalho do setor triplicou.<\/p>\n<p>J\u00e1 o setor de Gest\u00e3o de Pessoas estimou os funcion\u00e1rios a descobrirem os respons\u00e1veis por cada atividade do setor, muitas delas bem novas. Este tamb\u00e9m \u00e9 um setor ainda no in\u00edcio que tem muitos desafios.<\/p>\n<p>O setor de Marketing\/Comunica\u00e7\u00e3o apresentou um jogral com as novidades realizadas neste ano, dentre elas promo\u00e7\u00f5es e (muitos) brindes para os clientes<\/p>\n<p>Como disse no come\u00e7o Kl\u00eania Fassoni, estamos semeando muito, assim como o semeador da par\u00e1bola de Jesus (Lc 8). \u201cO semeador n\u00e3o era burro, e n\u00f3s tamb\u00e9m n\u00e3o somos, mas n\u00e3o sabemos o alcance da semeadura. Queremos aproveitar as oportunidades que Deus nos d\u00e1\u201d, disse ela.<\/p>\n<p>Plantamos simbolicamente uma semente de flamboyant vermelho. Cuidamos e esperamos para que ela, assim como a editora, cres\u00e7am com vigor.<\/p>\n<div id=\"attachment_2809\" style=\"width: 458px\" class=\"wp-caption aligncenter\"><a href=\"http:\/\/ultimato.com.br\/sites\/blogdaultimato\/files\/2011\/09\/29_09_crisalida_dinamica.jpg\" class=\"lightview\" data-lightview-group=\"group-2803\" data-lightview-options=\"skin: 'dark', controls: 'relative', padding: '10', shadow: { color: '#000000', opacity: 0.08, blur: 3 }\"><img loading=\"lazy\" decoding=\"async\" aria-describedby=\"caption-attachment-2809\" class=\"size-full wp-image-2809\" src=\"http:\/\/ultimato.com.br\/sites\/blogdaultimato\/files\/2011\/09\/29_09_crisalida_dinamica.jpg\" alt=\"\" width=\"448\" height=\"316\" srcset=\"https:\/\/ultimato.com.br\/sites\/blogdaultimato\/files\/2011\/09\/29_09_crisalida_dinamica.jpg 448w, https:\/\/ultimato.com.br\/sites\/blogdaultimato\/files\/2011\/09\/29_09_crisalida_dinamica-300x211.jpg 300w, https:\/\/ultimato.com.br\/sites\/blogdaultimato\/files\/2011\/09\/29_09_crisalida_dinamica-150x105.jpg 150w\" sizes=\"auto, (max-width: 448px) 100vw, 448px\" \/><\/a><p id=\"caption-attachment-2809\" class=\"wp-caption-text\">Ariane, Emmanuel, Elben, Deja e Kl\u00eania<\/p><\/div>\n","protected":false},"excerpt":{"rendered":"<p>A Editora Ultimato, no alto dos seus 43 anos, n\u00e3o tem medo de mudan\u00e7as. Nesta manh\u00e3 todos os funcion\u00e1rios se reuniram para ouvir as principais a\u00e7\u00f5es e inova\u00e7\u00f5es de quatro setores: N\u00facleo Web, Circula\u00e7\u00e3o, Gest\u00e3o de Pessoas e Marketing\/Comunica\u00e7\u00e3o.<br \/>\nAp\u00f3s uma palavra pastoral da diretora Kl\u00eania Fassoni e a introdu\u00e7\u00e3o feita pelo diretor financeiro, Emmanuel Bastos, [&#8230;]<\/p>\n","protected":false},"author":21,"featured_media":0,"comment_status":"open","ping_status":"open","sticky":false,"template":"","format":"standard","meta":{"ngg_post_thumbnail":0,"footnotes":""},"categories":[5153],"tags":[],"class_list":["post-2803","post","type-post","status-publish","format-standard","hentry","category-prateleira"],"_links":{"self":[{"href":"https:\/\/ultimato.com.br\/sites\/blogdaultimato\/wp-json\/wp\/v2\/posts\/2803","targetHints":{"allow":["GET"]}}],"collection":[{"href":"https:\/\/ultimato.com.br\/sites\/blogdaultimato\/wp-json\/wp\/v2\/posts"}],"about":[{"href":"https:\/\/ultimato.com.br\/sites\/blogdaultimato\/wp-json\/wp\/v2\/types\/post"}],"author":[{"embeddable":true,"href":"https:\/\/ultimato.com.br\/sites\/blogdaultimato\/wp-json\/wp\/v2\/users\/21"}],"replies":[{"embeddable":true,"href":"https:\/\/ultimato.com.br\/sites\/blogdaultimato\/wp-json\/wp\/v2\/comments?post=2803"}],"version-history":[{"count":6,"href":"https:\/\/ultimato.com.br\/sites\/blogdaultimato\/wp-json\/wp\/v2\/posts\/2803\/revisions"}],"predecessor-version":[{"id":2806,"href":"https:\/\/ultimato.com.br\/sites\/blogdaultimato\/wp-json\/wp\/v2\/posts\/2803\/revisions\/2806"}],"wp:attachment":[{"href":"https:\/\/ultimato.com.br\/sites\/blogdaultimato\/wp-json\/wp\/v2\/media?parent=2803"}],"wp:term":[{"taxonomy":"category","embeddable":true,"href":"https:\/\/ultimato.com.br\/sites\/blogdaultimato\/wp-json\/wp\/v2\/categories?post=2803"},{"taxonomy":"post_tag","embeddable":true,"href":"https:\/\/ultimato.com.br\/sites\/blogdaultimato\/wp-json\/wp\/v2\/tags?post=2803"}],"curies":[{"name":"wp","href":"https:\/\/api.w.org\/{rel}","templated":true}]}}