{"id":2790,"date":"2011-09-19T11:09:36","date_gmt":"2011-09-19T14:09:36","guid":{"rendered":"http:\/\/ultimato.com.br\/sites\/blogdaultimato\/?p=2790"},"modified":"2011-09-19T11:12:13","modified_gmt":"2011-09-19T14:12:13","slug":"de-volta-ao-oriente","status":"publish","type":"post","link":"https:\/\/ultimato.com.br\/sites\/blogdaultimato\/2011\/09\/19\/de-volta-ao-oriente\/","title":{"rendered":"De volta ao Oriente"},"content":{"rendered":"<p>Entre os dias 7 e 10 de setembro, em comemora\u00e7\u00e3o aos 10 anos da Associa\u00e7\u00e3o Miss\u00e3o Esperan\u00e7a (AME), foi realizado, em S\u00e3o Paulo, o Congresso De Volta ao Oriente.<\/p>\n<p>Al\u00e9m da justa celebra\u00e7\u00e3o pelos anos de servi\u00e7os prestados a pessoas provenientes de contextos violentos como p\u00f3s-guerra, conflitos e desastres naturais em v\u00e1rios pa\u00edses e em estados brasileiros, a AME preparou uma programa\u00e7\u00e3o especial chamando a aten\u00e7\u00e3o dos participantes para os povos e pa\u00edses do Oriente: seus desafios, necessidades e conquistas nas \u00e1reas de educa\u00e7\u00e3o, sa\u00fade, profissionaliza\u00e7\u00e3o, sa\u00fade emocional e espiritual, fazendo-nos voltar nossos olhos e ora\u00e7\u00f5es em favor desta parte do mundo.<\/p>\n<p style=\"text-align: center;\"><a href=\"http:\/\/ultimato.com.br\/sites\/blogdaultimato\/files\/2011\/09\/ITO8902.jpg\" class=\"lightview\" data-lightview-group=\"group-2790\" data-lightview-options=\"skin: 'dark', controls: 'relative', padding: '10', shadow: { color: '#000000', opacity: 0.08, blur: 3 }\" data-lightview-title=\"Assessoria AME\"><img loading=\"lazy\" decoding=\"async\" class=\"aligncenter size-full wp-image-2793\" title=\"Assessoria AME\" src=\"http:\/\/ultimato.com.br\/sites\/blogdaultimato\/files\/2011\/09\/ITO8902.jpg\" alt=\"Participantes do Congresso AME 2011\" width=\"458\" height=\"156\" srcset=\"https:\/\/ultimato.com.br\/sites\/blogdaultimato\/files\/2011\/09\/ITO8902.jpg 1024w, https:\/\/ultimato.com.br\/sites\/blogdaultimato\/files\/2011\/09\/ITO8902-300x101.jpg 300w, https:\/\/ultimato.com.br\/sites\/blogdaultimato\/files\/2011\/09\/ITO8902-150x50.jpg 150w\" sizes=\"auto, (max-width: 458px) 100vw, 458px\" \/><\/a><\/p>\n<p><!--more-->Nesta festa t\u00e3o importante, al\u00e9m de mission\u00e1rios brasileiros que serviram ou servem em terras orientais, estavam presentes pastores e mission\u00e1rios do Timor Leste, Indon\u00e9sia, Mianmar, Jap\u00e3o e \u00cdndia, e a palavra de gratid\u00e3o e de incentivo de cada um deles encorajou-nos a estender e firmar nossa participa\u00e7\u00e3o na obra realizada em suas terras e entre os diversos povos. Muitos jovens se apresentaram para ir, dedicando vida e talentos para compartilhar o amor de Deus.<\/p>\n<p>Uma das ora\u00e7\u00f5es proferidas no Congresso foi baseada no Salmo 67: \u201cQue o Deus de todos os povos continue sendo gracioso conosco e nos aben\u00e7oe, para que se conhe\u00e7a na terra, e entre os povos mais distantes, o seu amor, o seu caminho e a sua salva\u00e7\u00e3o\u201d.<\/p>\n<p>Assim seja!<\/p>\n<p>__________<\/p>\n<p><strong>Ariane Gomes<\/strong> \u00e9 assistente de reda\u00e7\u00e3o da Editora Ultimato<\/p>\n","protected":false},"excerpt":{"rendered":"<p>Entre os dias 7 e 10 de setembro, em comemora\u00e7\u00e3o aos 10 anos da Associa\u00e7\u00e3o Miss\u00e3o Esperan\u00e7a (AME), foi realizado, em S\u00e3o Paulo, o Congresso De Volta ao Oriente.<br \/>\nAl\u00e9m da justa celebra\u00e7\u00e3o pelos anos de servi\u00e7os prestados a pessoas provenientes de contextos violentos como p\u00f3s-guerra, conflitos e desastres naturais em v\u00e1rios pa\u00edses e em estados [&#8230;]<\/p>\n","protected":false},"author":21,"featured_media":0,"comment_status":"open","ping_status":"open","sticky":false,"template":"","format":"standard","meta":{"ngg_post_thumbnail":0,"footnotes":""},"categories":[6114],"tags":[],"class_list":["post-2790","post","type-post","status-publish","format-standard","hentry","category-ultimas-de-la"],"_links":{"self":[{"href":"https:\/\/ultimato.com.br\/sites\/blogdaultimato\/wp-json\/wp\/v2\/posts\/2790","targetHints":{"allow":["GET"]}}],"collection":[{"href":"https:\/\/ultimato.com.br\/sites\/blogdaultimato\/wp-json\/wp\/v2\/posts"}],"about":[{"href":"https:\/\/ultimato.com.br\/sites\/blogdaultimato\/wp-json\/wp\/v2\/types\/post"}],"author":[{"embeddable":true,"href":"https:\/\/ultimato.com.br\/sites\/blogdaultimato\/wp-json\/wp\/v2\/users\/21"}],"replies":[{"embeddable":true,"href":"https:\/\/ultimato.com.br\/sites\/blogdaultimato\/wp-json\/wp\/v2\/comments?post=2790"}],"version-history":[{"count":5,"href":"https:\/\/ultimato.com.br\/sites\/blogdaultimato\/wp-json\/wp\/v2\/posts\/2790\/revisions"}],"predecessor-version":[{"id":2797,"href":"https:\/\/ultimato.com.br\/sites\/blogdaultimato\/wp-json\/wp\/v2\/posts\/2790\/revisions\/2797"}],"wp:attachment":[{"href":"https:\/\/ultimato.com.br\/sites\/blogdaultimato\/wp-json\/wp\/v2\/media?parent=2790"}],"wp:term":[{"taxonomy":"category","embeddable":true,"href":"https:\/\/ultimato.com.br\/sites\/blogdaultimato\/wp-json\/wp\/v2\/categories?post=2790"},{"taxonomy":"post_tag","embeddable":true,"href":"https:\/\/ultimato.com.br\/sites\/blogdaultimato\/wp-json\/wp\/v2\/tags?post=2790"}],"curies":[{"name":"wp","href":"https:\/\/api.w.org\/{rel}","templated":true}]}}