{"id":2786,"date":"2011-09-15T14:39:44","date_gmt":"2011-09-15T17:39:44","guid":{"rendered":"http:\/\/ultimato.com.br\/sites\/blogdaultimato\/?p=2786"},"modified":"2011-09-15T14:39:44","modified_gmt":"2011-09-15T17:39:44","slug":"de-todo-canto","status":"publish","type":"post","link":"https:\/\/ultimato.com.br\/sites\/blogdaultimato\/2011\/09\/15\/de-todo-canto\/","title":{"rendered":"De todo canto"},"content":{"rendered":"<p><a href=\"http:\/\/ultimato.com.br\/sites\/blogdaultimato\/files\/2011\/09\/15_09_renas_foto.jpg\" class=\"lightview\" data-lightview-group=\"group-2786\" data-lightview-options=\"skin: 'dark', controls: 'relative', padding: '10', shadow: { color: '#000000', opacity: 0.08, blur: 3 }\" data-lightview-title=\"Foto: Pabline Felix\"><img loading=\"lazy\" decoding=\"async\" class=\"alignleft size-medium wp-image-2787\" title=\"Foto: Pabline Felix\" src=\"http:\/\/ultimato.com.br\/sites\/blogdaultimato\/files\/2011\/09\/15_09_renas_foto-200x300.jpg\" alt=\"\" width=\"200\" height=\"300\" srcset=\"https:\/\/ultimato.com.br\/sites\/blogdaultimato\/files\/2011\/09\/15_09_renas_foto-200x300.jpg 200w, https:\/\/ultimato.com.br\/sites\/blogdaultimato\/files\/2011\/09\/15_09_renas_foto-100x150.jpg 100w, https:\/\/ultimato.com.br\/sites\/blogdaultimato\/files\/2011\/09\/15_09_renas_foto.jpg 300w\" sizes=\"auto, (max-width: 200px) 100vw, 200px\" \/><\/a>No caf\u00e9 da manh\u00e3, v\u00e1rios sotaques. Abra\u00e7os conhecidos e cumprimentos cordiais de apresenta\u00e7\u00e3o enchem o sal\u00e3o do Centro de Treinamento Educacional do CNTI, local que recebe a <a href=\"http:\/\/encontro.renas.org.br\/\" target=\"_blank\">sexta edi\u00e7\u00e3o do encontro<\/a> da <a href=\"http:\/\/www.renas.org.br\/\" target=\"_blank\">RENAS (Rede Evang\u00e9lica Nacional de A\u00e7\u00e3o Social)<\/a>, que come\u00e7ou hoje, 15 de setembro.<\/p>\n<p>Neste ano, o tema da reuni\u00e3o \u00e9 \u201cMiss\u00e3o Integral: Participa\u00e7\u00e3o Pol\u00edtica e Justi\u00e7a Social&#8221;. A organiza\u00e7\u00e3o do evento espera mais de 300 pessoas de todo o Brasil, vinculadas ou n\u00e3o a organiza\u00e7\u00f5es. <a href=\"http:\/\/www.ultimato.com.br\/loja\/produtos\/assim-na-terra-como-no-ceu\" target=\"_blank\">\u201cAssim na Terra como no C\u00e9u: experi\u00eancias socioambientais na igreja local\u201d<\/a>, nosso lan\u00e7amento do m\u00eas realizado em parceria com <a href=\"http:\/\/www.arocha.org\/int-pt\/index.html\" target=\"_blank\">A Rocha Brasil<\/a>, ter\u00e1 seu lan\u00e7amento oficial no evento.<!--more--><\/p>\n<p>Como uma das co-promotoras do evento, Ultimato est\u00e1 \u201cem peso\u201d no evento: Ivny Monteiro, Liss\u00e2nder Dias, Pabline Felix e Kl\u00eania Fassoni est\u00e3o divididos entre conversas, mesas-redondas, reuni\u00f5es e no estande da Editora. Por isso, fique ligado: em breve mais not\u00edcias do evento devem aparecer por aqui.<\/p>\n<p>Enquanto isso, acompanhe a freq\u00fcente atualiza\u00e7\u00e3o de fotos do evento na <a href=\"http:\/\/www.facebook.com\/editora.ultimato\" target=\"_blank\">nossa p\u00e1gina no Facebook<\/a>.<\/p>\n<p>&nbsp;<\/p>\n","protected":false},"excerpt":{"rendered":"<p>No caf\u00e9 da manh\u00e3, v\u00e1rios sotaques. Abra\u00e7os conhecidos e cumprimentos cordiais de apresenta\u00e7\u00e3o enchem o sal\u00e3o do Centro de Treinamento Educacional do CNTI, local que recebe a sexta edi\u00e7\u00e3o do encontro da RENAS (Rede Evang\u00e9lica Nacional de A\u00e7\u00e3o Social), que come\u00e7ou hoje, 15 de setembro.<br \/>\nNeste ano, o tema da reuni\u00e3o \u00e9 \u201cMiss\u00e3o Integral: Participa\u00e7\u00e3o Pol\u00edtica [&#8230;]<\/p>\n","protected":false},"author":21,"featured_media":0,"comment_status":"open","ping_status":"open","sticky":false,"template":"","format":"standard","meta":{"ngg_post_thumbnail":0,"footnotes":""},"categories":[5153],"tags":[],"class_list":["post-2786","post","type-post","status-publish","format-standard","hentry","category-prateleira"],"_links":{"self":[{"href":"https:\/\/ultimato.com.br\/sites\/blogdaultimato\/wp-json\/wp\/v2\/posts\/2786","targetHints":{"allow":["GET"]}}],"collection":[{"href":"https:\/\/ultimato.com.br\/sites\/blogdaultimato\/wp-json\/wp\/v2\/posts"}],"about":[{"href":"https:\/\/ultimato.com.br\/sites\/blogdaultimato\/wp-json\/wp\/v2\/types\/post"}],"author":[{"embeddable":true,"href":"https:\/\/ultimato.com.br\/sites\/blogdaultimato\/wp-json\/wp\/v2\/users\/21"}],"replies":[{"embeddable":true,"href":"https:\/\/ultimato.com.br\/sites\/blogdaultimato\/wp-json\/wp\/v2\/comments?post=2786"}],"version-history":[{"count":1,"href":"https:\/\/ultimato.com.br\/sites\/blogdaultimato\/wp-json\/wp\/v2\/posts\/2786\/revisions"}],"predecessor-version":[{"id":2788,"href":"https:\/\/ultimato.com.br\/sites\/blogdaultimato\/wp-json\/wp\/v2\/posts\/2786\/revisions\/2788"}],"wp:attachment":[{"href":"https:\/\/ultimato.com.br\/sites\/blogdaultimato\/wp-json\/wp\/v2\/media?parent=2786"}],"wp:term":[{"taxonomy":"category","embeddable":true,"href":"https:\/\/ultimato.com.br\/sites\/blogdaultimato\/wp-json\/wp\/v2\/categories?post=2786"},{"taxonomy":"post_tag","embeddable":true,"href":"https:\/\/ultimato.com.br\/sites\/blogdaultimato\/wp-json\/wp\/v2\/tags?post=2786"}],"curies":[{"name":"wp","href":"https:\/\/api.w.org\/{rel}","templated":true}]}}