{"id":2757,"date":"2011-09-02T11:13:23","date_gmt":"2011-09-02T14:13:23","guid":{"rendered":"http:\/\/ultimato.com.br\/sites\/blogdaultimato\/?p=2757"},"modified":"2011-09-02T11:14:06","modified_gmt":"2011-09-02T14:14:06","slug":"o-perfume-de-cristo","status":"publish","type":"post","link":"https:\/\/ultimato.com.br\/sites\/blogdaultimato\/2011\/09\/02\/o-perfume-de-cristo\/","title":{"rendered":"O perfume de Cristo"},"content":{"rendered":"<blockquote><p>\u201cMas gra\u00e7as a Deus, que sempre nos conduz vitoriosamente em Cristo e por nosso interm\u00e9dio exala em todo lugar a fragr\u00e2ncia do seu conhecimento; porque para Deus somos o aroma (perfume) de Cristo entre os que est\u00e3o sendo salvos e os que est\u00e3o perecendo. Para estes somos cheiro de morte; para aqueles fragr\u00e2ncia de vida. Mas, quem est\u00e1 capacitado para tanto? Ao contr\u00e1rio de muitos, n\u00e3o negociamos a palavra de Deus visando lucro; antes, em Cristo falamos diante de Deus com sinceridade, como homens enviados por Deus.\u201d<\/p>\n<p>2 Cor\u00edntios 2:14-17<\/p><\/blockquote>\n<p>A f\u00e9 crist\u00e3 n\u00e3o est\u00e1 desconectada do nosso cotidiano. Ela \u00e9 t\u00e3o relevante para nos trazer esperan\u00e7a quanto para vivermos bem no presente, nos acontecimentos ordin\u00e1rios da vida. Deus n\u00e3o est\u00e1 apenas interessado em trazer salva\u00e7\u00e3o para n\u00f3s num futuro distante, mas hoje mesmo, no presente, Ele est\u00e1 comprometido em trazer reden\u00e7\u00e3o para a nossa vida, \u00e0quilo que Jesus chama de \u2018vida abundante\u2019 (Jo\u00e3o 10:10), isto \u00e9, viver com qualidade, com valor e significado eterno.<\/p>\n<p><a href=\"http:\/\/ultimato.com.br\/sites\/blogdaultimato\/files\/2011\/09\/02_09_flor_perfume.jpg\" class=\"lightview\" data-lightview-group=\"group-2757\" data-lightview-options=\"skin: 'dark', controls: 'relative', padding: '10', shadow: { color: '#000000', opacity: 0.08, blur: 3 }\" data-lightview-title=\"Foto: Pabline Felix\"><img loading=\"lazy\" decoding=\"async\" class=\"aligncenter size-full wp-image-2758\" title=\"Foto: Pabline Felix\" src=\"http:\/\/ultimato.com.br\/sites\/blogdaultimato\/files\/2011\/09\/02_09_flor_perfume.jpg\" alt=\"\" width=\"448\" height=\"168\" srcset=\"https:\/\/ultimato.com.br\/sites\/blogdaultimato\/files\/2011\/09\/02_09_flor_perfume.jpg 448w, https:\/\/ultimato.com.br\/sites\/blogdaultimato\/files\/2011\/09\/02_09_flor_perfume-300x112.jpg 300w, https:\/\/ultimato.com.br\/sites\/blogdaultimato\/files\/2011\/09\/02_09_flor_perfume-150x56.jpg 150w\" sizes=\"auto, (max-width: 448px) 100vw, 448px\" \/><\/a><\/p>\n<p>O ap\u00f3stolo Paulo compreendeu isso t\u00e3o bem que, de forma po\u00e9tica, se autodenomina um perfume de Cristo, a exalar por todo lugar que passa, com quem convive, aonde trabalha, em qualquer ambiente, a preciosa fragr\u00e2ncia do conhecimento de Jesus. Sendo mais claro, Paulo percebeu que a f\u00e9 que possu\u00eda em Jesus orientava a sua vida e a obedi\u00eancia associada ao sentimento de pertencimento a algo maior &#8211; o reino de Deus &#8211; n\u00e3o apenas trazia a Ele perd\u00e3o e dignidade, mas tamb\u00e9m a honra de viver e promover os valores desse Reino.\u00a0<!--more--><\/p>\n<p>O modelo que Deus escolheu para se revelar e trazer reden\u00e7\u00e3o passa diretamente pelo relacionamento entre os homens. O conte\u00fado do Evangelho (vida, morte e ressurrei\u00e7\u00e3o de Jesus) \u00e9 t\u00e3o poderoso e t\u00e3o transformador que qualquer pessoa que genuinamente se submeter ao governo de Deus ir\u00e1 automaticamente transformar-se em um perfume de Jesus (sua testemunha). E essa \u00e9 a incumb\u00eancia destinada a n\u00f3s, crist\u00e3os: que, atrav\u00e9s de uma vida simples e piedosa, cada um comunique os valores do reino de Deus para que os outros vendo glorifiquem a Deus (Mateus 5:16).<\/p>\n<p><em>[Texto publicado originalmente no\u00a0<a href=\"http:\/\/pedpau.blogspot.com\/2011\/08\/para-deus-nos-somos-o-perfume-de-cristo.html?utm_source=feedburner&amp;utm_medium=feed&amp;utm_campaign=Feed%3A+pedpau+%28Blog+do+Pedro%29\" target=\"_blank\">Blog do Pedro<\/a>]<\/em><\/p>\n<p>__________<\/p>\n<p><strong><a href=\"http:\/\/pedpau.blogspot.com\/p\/autor.html\" target=\"_blank\">Pedro Paulo Valente<\/a><\/strong>, 30 anos, \u00e9\u00a0mestre em Engenharia de Alimentos pela Universidade Estadual de Campinas,\u00a0casado com <a href=\"http:\/\/flanancias.blogspot.com\/p\/flaneur.html\" target=\"_blank\">Liz<\/a> e obreiro de adolescentes na Igreja Presbiteriana de Vi\u00e7osa<\/p>\n","protected":false},"excerpt":{"rendered":"<p>\u201cMas gra\u00e7as a Deus, que sempre nos conduz vitoriosamente em Cristo e por nosso interm\u00e9dio exala em todo lugar a fragr\u00e2ncia do seu conhecimento; porque para Deus somos o aroma (perfume) de Cristo entre os que est\u00e3o sendo salvos e os que est\u00e3o perecendo. Para estes somos cheiro de morte; para aqueles fragr\u00e2ncia de vida. [&#8230;]<\/p>\n","protected":false},"author":21,"featured_media":0,"comment_status":"open","ping_status":"open","sticky":false,"template":"","format":"standard","meta":{"ngg_post_thumbnail":0,"footnotes":""},"categories":[5151],"tags":[],"class_list":["post-2757","post","type-post","status-publish","format-standard","hentry","category-outros-papos"],"_links":{"self":[{"href":"https:\/\/ultimato.com.br\/sites\/blogdaultimato\/wp-json\/wp\/v2\/posts\/2757","targetHints":{"allow":["GET"]}}],"collection":[{"href":"https:\/\/ultimato.com.br\/sites\/blogdaultimato\/wp-json\/wp\/v2\/posts"}],"about":[{"href":"https:\/\/ultimato.com.br\/sites\/blogdaultimato\/wp-json\/wp\/v2\/types\/post"}],"author":[{"embeddable":true,"href":"https:\/\/ultimato.com.br\/sites\/blogdaultimato\/wp-json\/wp\/v2\/users\/21"}],"replies":[{"embeddable":true,"href":"https:\/\/ultimato.com.br\/sites\/blogdaultimato\/wp-json\/wp\/v2\/comments?post=2757"}],"version-history":[{"count":2,"href":"https:\/\/ultimato.com.br\/sites\/blogdaultimato\/wp-json\/wp\/v2\/posts\/2757\/revisions"}],"predecessor-version":[{"id":2760,"href":"https:\/\/ultimato.com.br\/sites\/blogdaultimato\/wp-json\/wp\/v2\/posts\/2757\/revisions\/2760"}],"wp:attachment":[{"href":"https:\/\/ultimato.com.br\/sites\/blogdaultimato\/wp-json\/wp\/v2\/media?parent=2757"}],"wp:term":[{"taxonomy":"category","embeddable":true,"href":"https:\/\/ultimato.com.br\/sites\/blogdaultimato\/wp-json\/wp\/v2\/categories?post=2757"},{"taxonomy":"post_tag","embeddable":true,"href":"https:\/\/ultimato.com.br\/sites\/blogdaultimato\/wp-json\/wp\/v2\/tags?post=2757"}],"curies":[{"name":"wp","href":"https:\/\/api.w.org\/{rel}","templated":true}]}}