{"id":2745,"date":"2011-08-24T12:07:05","date_gmt":"2011-08-24T15:07:05","guid":{"rendered":"http:\/\/ultimato.com.br\/sites\/blogdaultimato\/?p=2745"},"modified":"2011-08-24T12:28:28","modified_gmt":"2011-08-24T15:28:28","slug":"a-assembleia-de-deus-em-questao","status":"publish","type":"post","link":"https:\/\/ultimato.com.br\/sites\/blogdaultimato\/2011\/08\/24\/a-assembleia-de-deus-em-questao\/","title":{"rendered":"A Assembleia de Deus em quest\u00e3o"},"content":{"rendered":"<p><a href=\"http:\/\/ultimato.com.br\/sites\/blogdaultimato\/files\/2011\/08\/24_08_assembleiadedeus_blogULT1.jpg\" class=\"lightview\" data-lightview-group=\"group-2745\" data-lightview-options=\"skin: 'dark', controls: 'relative', padding: '10', shadow: { color: '#000000', opacity: 0.08, blur: 3 }\"><img loading=\"lazy\" decoding=\"async\" class=\"alignright size-medium wp-image-2747\" src=\"http:\/\/ultimato.com.br\/sites\/blogdaultimato\/files\/2011\/08\/24_08_assembleiadedeus_blogULT1-300x216.jpg\" alt=\"\" width=\"180\" height=\"130\" srcset=\"https:\/\/ultimato.com.br\/sites\/blogdaultimato\/files\/2011\/08\/24_08_assembleiadedeus_blogULT1-300x216.jpg 300w, https:\/\/ultimato.com.br\/sites\/blogdaultimato\/files\/2011\/08\/24_08_assembleiadedeus_blogULT1-150x108.jpg 150w, https:\/\/ultimato.com.br\/sites\/blogdaultimato\/files\/2011\/08\/24_08_assembleiadedeus_blogULT1.jpg 448w\" sizes=\"auto, (max-width: 180px) 100vw, 180px\" \/><\/a>A \u00faltima enquete do site estava &#8220;alinhadinha&#8221; \u00e0 capa da <a href=\"http:\/\/www.ultimato.com.br\/revista\/331\" target=\"_blank\">edi\u00e7\u00e3o 331<\/a> da revista Ultimato, pois sua pergunta era: &#8220;O que mais surpreende na hist\u00f3ria das Assembleias de Deus?&#8221;. Duas op\u00e7\u00f5es ficaram empatadas em primeiro lugar, com 33,3% dos votos: &#8220;Ter se tornado a maior denomina\u00e7\u00e3o evang\u00e9lica do Brasil&#8221; e &#8220;A origem entre os pobres&#8221;. No artigo <a href=\"http:\/\/www.ultimato.com.br\/revista\/artigos\/331\/o-crescimento-assombroso-das-assembleias-de-deus-no-brasil-e-suas-razoes\" target=\"_blank\">O crescimento assombroso das Assembleias de Deus no Brasil e suas raz\u00f5es<\/a>, h\u00e1 algumas reflex\u00f5es a respeito de ambas caracter\u00edsticas das Assembleias<!--more-->:<\/p>\n<p><em>\u201cAs Assembleias de Deus crescem porque come\u00e7aram com mission\u00e1rios pobres (imigrantes suecos nos Estados Unidos) e se infiltraram nas camadas mais desfavorecidas do pa\u00eds\u201d. Seus obreiros sabem falar a linguagem dos pobres e oferecem n\u00e3o s\u00f3 salva\u00e7\u00e3o para a alma, mas tamb\u00e9m esperan\u00e7a de cura para o corpo. Chamam a aten\u00e7\u00e3o para o sobrenatural (o fen\u00f4meno de l\u00ednguas estranhas, a expuls\u00e3o de dem\u00f4nios, o dom de profecia e os poss\u00edveis milagres de cura). As classes sociais que eles atingem t\u00eam menos resist\u00eancia ao evangelho, menos satisfa\u00e7\u00f5es a dar, menos distra\u00e7\u00f5es para tomar o tempo da religi\u00e3o. Al\u00e9m de tudo, elas acreditam fervorosamente na exist\u00eancia de Deus e enxergam com mais facilidade suas pr\u00f3prias car\u00eancias pessoais e familiares, sociais e afetivas. Pelo menos era assim at\u00e9 pouco tempo. O pa\u00eds deve \u00e0s Assembleias de Deus e a v\u00e1rias outras igrejas evang\u00e9licas a diminui\u00e7\u00e3o do analfabetismo e a recupera\u00e7\u00e3o de marginais.<\/em><\/p>\n<p>Uma nova enquete est\u00e1 no ar: queremos saber quantas vezes voc\u00ea vai \u00e0 igreja. Uma, duas, tr\u00eas vezes na semana? Mais ou menos? Visite <a href=\"http:\/\/www.ultimato.com.br\/\" target=\"_blank\">www.ultimato.com.br<\/a> e responda!<\/p>\n","protected":false},"excerpt":{"rendered":"<p>A \u00faltima enquete do site estava &#8220;alinhadinha&#8221; \u00e0 capa da edi\u00e7\u00e3o 331 da revista Ultimato, pois sua pergunta era: &#8220;O que mais surpreende na hist\u00f3ria das Assembleias de Deus?&#8221;. Duas op\u00e7\u00f5es ficaram empatadas em primeiro lugar, com 33,3% dos votos: &#8220;Ter se tornado a maior denomina\u00e7\u00e3o evang\u00e9lica do Brasil&#8221; e &#8220;A origem entre os pobres&#8221;. [&#8230;]<\/p>\n","protected":false},"author":21,"featured_media":0,"comment_status":"open","ping_status":"open","sticky":false,"template":"","format":"standard","meta":{"ngg_post_thumbnail":0,"footnotes":""},"categories":[5153],"tags":[],"class_list":["post-2745","post","type-post","status-publish","format-standard","hentry","category-prateleira"],"_links":{"self":[{"href":"https:\/\/ultimato.com.br\/sites\/blogdaultimato\/wp-json\/wp\/v2\/posts\/2745","targetHints":{"allow":["GET"]}}],"collection":[{"href":"https:\/\/ultimato.com.br\/sites\/blogdaultimato\/wp-json\/wp\/v2\/posts"}],"about":[{"href":"https:\/\/ultimato.com.br\/sites\/blogdaultimato\/wp-json\/wp\/v2\/types\/post"}],"author":[{"embeddable":true,"href":"https:\/\/ultimato.com.br\/sites\/blogdaultimato\/wp-json\/wp\/v2\/users\/21"}],"replies":[{"embeddable":true,"href":"https:\/\/ultimato.com.br\/sites\/blogdaultimato\/wp-json\/wp\/v2\/comments?post=2745"}],"version-history":[{"count":5,"href":"https:\/\/ultimato.com.br\/sites\/blogdaultimato\/wp-json\/wp\/v2\/posts\/2745\/revisions"}],"predecessor-version":[{"id":2753,"href":"https:\/\/ultimato.com.br\/sites\/blogdaultimato\/wp-json\/wp\/v2\/posts\/2745\/revisions\/2753"}],"wp:attachment":[{"href":"https:\/\/ultimato.com.br\/sites\/blogdaultimato\/wp-json\/wp\/v2\/media?parent=2745"}],"wp:term":[{"taxonomy":"category","embeddable":true,"href":"https:\/\/ultimato.com.br\/sites\/blogdaultimato\/wp-json\/wp\/v2\/categories?post=2745"},{"taxonomy":"post_tag","embeddable":true,"href":"https:\/\/ultimato.com.br\/sites\/blogdaultimato\/wp-json\/wp\/v2\/tags?post=2745"}],"curies":[{"name":"wp","href":"https:\/\/api.w.org\/{rel}","templated":true}]}}