{"id":2715,"date":"2011-08-16T17:22:36","date_gmt":"2011-08-16T20:22:36","guid":{"rendered":"http:\/\/ultimato.com.br\/sites\/blogdaultimato\/?p=2715"},"modified":"2011-08-16T17:23:43","modified_gmt":"2011-08-16T20:23:43","slug":"os-novos-evangelicos","status":"publish","type":"post","link":"https:\/\/ultimato.com.br\/sites\/blogdaultimato\/2011\/08\/16\/os-novos-evangelicos\/","title":{"rendered":"Os novos evang\u00e9licos"},"content":{"rendered":"<p><a href=\"http:\/\/ultimato.com.br\/sites\/blogdaultimato\/files\/2011\/08\/16_08_igreja_vazia.jpg\" class=\"lightview\" data-lightview-group=\"group-2715\" data-lightview-options=\"skin: 'dark', controls: 'relative', padding: '10', shadow: { color: '#000000', opacity: 0.08, blur: 3 }\" data-lightview-title=\"16_08_igreja_vazia\"><img loading=\"lazy\" decoding=\"async\" class=\"alignright size-medium wp-image-2716\" title=\"16_08_igreja_vazia\" src=\"http:\/\/ultimato.com.br\/sites\/blogdaultimato\/files\/2011\/08\/16_08_igreja_vazia-200x300.jpg\" alt=\"\" width=\"160\" height=\"240\" srcset=\"https:\/\/ultimato.com.br\/sites\/blogdaultimato\/files\/2011\/08\/16_08_igreja_vazia-200x300.jpg 200w, https:\/\/ultimato.com.br\/sites\/blogdaultimato\/files\/2011\/08\/16_08_igreja_vazia-100x150.jpg 100w, https:\/\/ultimato.com.br\/sites\/blogdaultimato\/files\/2011\/08\/16_08_igreja_vazia.jpg 350w\" sizes=\"auto, (max-width: 160px) 100vw, 160px\" \/><\/a>Segundo a <a href=\"http:\/\/www1.folha.uol.com.br\/poder\/959739-sobe-total-de-evangelicos-sem-vinculos-com-igrejas.shtml\" target=\"_blank\">reportagem da Folha de S\u00e3o Paulo<\/a> divulgada ontem, 15 de agosto, o n\u00famero de evang\u00e9licos que se declaram desvinculados de igrejas institu\u00eddas passou de 4%, em 2003, para 14%, em 2009. Em n\u00fameros absolutos, tratam-se de 4 milh\u00f5es de pessoas enquadradas nesta categoria, segundo dados utilizados da Pesquisa de Or\u00e7amentos Familiares do IBGE (Instituto Brasileiro de Geografia e Estat\u00edstica) de 2009.<\/p>\n<p>Como \u00e9 caracter\u00edstica da era multimidi\u00e1tica, bastou os perfis online da Folha divulgarem a mat\u00e9ria para que se tornasse um dos assuntos mais comentados na \u201cwebesfera\u201d, especialmente entre os pr\u00f3prios evang\u00e9licos. V\u00e1rios foram os sites que comentaram, criticaram, reproduziram, desmentiram&#8230; Poucos, todavia, se prestaram a refletir a respeito das vari\u00e1veis envolvidas na equa\u00e7\u00e3o que levou a esse n\u00famero. Uma das cr\u00edticas s\u00e3s que vimos por a\u00ed foi escrita por <a href=\"http:\/\/www.sandrobaggio.com\/2011\/08\/16\/os-novos-evangelicos\/\" target=\"_blank\">Sandro Baggio<\/a>, pastor do Projeto 242, comunidade de S\u00e3o Paulo. Reproduzimos abaixo seu texto lembrando a <a href=\"http:\/\/www.ultimato.com.br\/revista\/artigos\/326\/creio-na-comunhao-dos-santos-a-relevancia-primordial-da-igreja\/comunh%E3o\" target=\"_blank\">import\u00e2ncia de caminhar em conjunto<\/a>, n\u00e3o necessariamente sob o teto de uma igreja ou comunidade f\u00edsica, com nome na porta&#8230; Pense a respeito.\u00a0<!--more--><\/p>\n<p>&nbsp;<\/p>\n<blockquote><p><strong>Os novos evang\u00e9licos<\/strong><\/p>\n<p>Li ontem a reportagem da Folha de S\u00e3o Paulo sobre o n\u00famero crescente de evang\u00e9licos sem liga\u00e7\u00e3o com igrejas e tamb\u00e9m diversas rea\u00e7\u00f5es \u00e0 mesma. Uns celebraram a reportagem, pois parece confirmar a eles algo positivo, ou seja, que a vida crist\u00e3 ou espiritualidade verdadeira precisa libertar-se do contexto institucional polu\u00eddo para ser vivida com gra\u00e7a. Mas ser\u00e1 que \u00e9 isto que a reportagem realmente indica?<\/p>\n<p>A come\u00e7ar pelo t\u00edtulo, j\u00e1 encontramos uma certa contradi\u00e7\u00e3o e nega\u00e7\u00e3o aos progn\u00f3sticos daqueles que estavam decretando o fim da igreja evang\u00e9lica. Fala-se de evang\u00e9licos sem liga\u00e7\u00e3o com igrejas. Mesmo tendo deixado seus v\u00ednculos com uma igreja local, estas pessoas ainda se identificam como sendo evang\u00e9licos e alguns ficam indo de igreja em igreja como consumidores que \u201cusufruem de rituais e servi\u00e7os religiosos mas se sentem livres para ir e vir.\u201d<\/p>\n<p>No entanto, \u00e9 o perfil deste \u201cnovo evang\u00e9lico\u201d tra\u00e7ado nas an\u00e1lises feitas para esta desinstitucionaliza\u00e7\u00e3o, que me faz pensar se, como seguidor de Cristo, existe algo a ser celebrado.<\/p>\n<p>Ricardo Mariano aponta como motivos para esta desinstitucionaliza\u00e7\u00e3o \u201co individualismo e da busca de autonomia diante de institui\u00e7\u00f5es que defendem valores extempor\u00e2neos e exigem elevados custos de seus filiados\u201d e fala ainda sobre o \u201ccrer sem pertencer\u201d.   Individualismo, busca de autonomia, rejei\u00e7\u00e3o de valores extempor\u00e2neos e descompromisso\u2026 seriam marcas a serem buscadas por um disc\u00edpulo de Cristo?<\/p>\n<p>N\u00e3o \u00e9 estranho que tais pessoas sejam chamadas de \u201ccrente gen\u00earico\u201d, que criaram seu pr\u00f3prio \u201cblend\u201d de cren\u00e7as (resultado do pluralismo e sincretismo religioso) e sejam comparadas ao cat\u00f3lico n\u00e3o praticante. Para um seguidor de Cristo, n\u00e3o h\u00e1 o que celebrar aqui.<\/p>\n<p>O que a reportagem n\u00e3o diz \u00e9 que estes que abandonaram a liga\u00e7\u00e3o com as igrejas institucionais se uniram a novas igrejas \u201cn\u00e3o institucionais\u201d em busca de uma experi\u00eancia renovada e libertadora de f\u00e9. Se isto estivesse acontecendo, talvez fosse algo a ser celebrado. Mas, neste caso, eles n\u00e3o seriam evang\u00e9licos \u201csem liga\u00e7\u00e3o com igrejas\u201d, e sim evang\u00e9licos em \u201cnovas igrejas\u201d.<\/p>\n<p>A \u00fanica coisa positiva neste artigo \u00e9 a confirma\u00e7\u00e3o do fen\u00f4meno da desinstitucionaliza\u00e7\u00e3o como uma das marcas da p\u00f3s-modernidade. Isto n\u00e3o \u00e9 novidade, mas algo que vem sendo apontado h\u00e1 anos.<\/p><\/blockquote>\n","protected":false},"excerpt":{"rendered":"<p>Segundo a reportagem da Folha de S\u00e3o Paulo divulgada ontem, 15 de agosto, o n\u00famero de evang\u00e9licos que se declaram desvinculados de igrejas institu\u00eddas passou de 4%, em 2003, para 14%, em 2009. Em n\u00fameros absolutos, tratam-se de 4 milh\u00f5es de pessoas enquadradas nesta categoria, segundo dados utilizados da Pesquisa de Or\u00e7amentos Familiares do IBGE [&#8230;]<\/p>\n","protected":false},"author":21,"featured_media":0,"comment_status":"open","ping_status":"open","sticky":false,"template":"","format":"standard","meta":{"ngg_post_thumbnail":0,"footnotes":""},"categories":[5153],"tags":[],"class_list":["post-2715","post","type-post","status-publish","format-standard","hentry","category-prateleira"],"_links":{"self":[{"href":"https:\/\/ultimato.com.br\/sites\/blogdaultimato\/wp-json\/wp\/v2\/posts\/2715","targetHints":{"allow":["GET"]}}],"collection":[{"href":"https:\/\/ultimato.com.br\/sites\/blogdaultimato\/wp-json\/wp\/v2\/posts"}],"about":[{"href":"https:\/\/ultimato.com.br\/sites\/blogdaultimato\/wp-json\/wp\/v2\/types\/post"}],"author":[{"embeddable":true,"href":"https:\/\/ultimato.com.br\/sites\/blogdaultimato\/wp-json\/wp\/v2\/users\/21"}],"replies":[{"embeddable":true,"href":"https:\/\/ultimato.com.br\/sites\/blogdaultimato\/wp-json\/wp\/v2\/comments?post=2715"}],"version-history":[{"count":2,"href":"https:\/\/ultimato.com.br\/sites\/blogdaultimato\/wp-json\/wp\/v2\/posts\/2715\/revisions"}],"predecessor-version":[{"id":2718,"href":"https:\/\/ultimato.com.br\/sites\/blogdaultimato\/wp-json\/wp\/v2\/posts\/2715\/revisions\/2718"}],"wp:attachment":[{"href":"https:\/\/ultimato.com.br\/sites\/blogdaultimato\/wp-json\/wp\/v2\/media?parent=2715"}],"wp:term":[{"taxonomy":"category","embeddable":true,"href":"https:\/\/ultimato.com.br\/sites\/blogdaultimato\/wp-json\/wp\/v2\/categories?post=2715"},{"taxonomy":"post_tag","embeddable":true,"href":"https:\/\/ultimato.com.br\/sites\/blogdaultimato\/wp-json\/wp\/v2\/tags?post=2715"}],"curies":[{"name":"wp","href":"https:\/\/api.w.org\/{rel}","templated":true}]}}