{"id":2692,"date":"2011-08-09T17:04:43","date_gmt":"2011-08-09T20:04:43","guid":{"rendered":"http:\/\/ultimato.com.br\/sites\/blogdaultimato\/?p=2692"},"modified":"2011-08-11T11:56:04","modified_gmt":"2011-08-11T14:56:04","slug":"pequenas-mudancas-grandes-consequencias","status":"publish","type":"post","link":"https:\/\/ultimato.com.br\/sites\/blogdaultimato\/2011\/08\/09\/pequenas-mudancas-grandes-consequencias\/","title":{"rendered":"Pequenas mudan\u00e7as, grandes consequ\u00eancias"},"content":{"rendered":"<p>Vi\u00e7osa \u00e9 uma cidade relativamente pequena. Sua popula\u00e7\u00e3o \u00e9 de pouco mais de 70 mil habitantes, aos que se somam 20 mil estudantes universit\u00e1rios residentes nos per\u00edodos escolares. At\u00e9 o m\u00eas passado, a principal regra de tr\u00e2nsito era a de que os pedestres sempre tem prefer\u00eancia, e o respeito por tal \u201ctradi\u00e7\u00e3o vi\u00e7osense\u201d era conhecida mesmo entre visitantes. Isso porque n\u00e3o havia sem\u00e1foros. Mas isso \u00e9 passado.<\/p>\n<p style=\"text-align: left;\">Durante o m\u00eas de julho, foram instalados in\u00fameros sistemas de controle de tr\u00e1fego no centro da cidade, o que tem gerado estranhamento e confus\u00e3o entre os motoristas \u2013 que comandam 13.157 autom\u00f3veis, 589 caminh\u00f5es, 17 tratores, 560 caminhonetes, 122 micro-\u00f4nibus e 9.366 motocicletas, segundo dados do IBGE.<\/p>\n<p>Na Editora Ultimato, surgiram coment\u00e1rios a respeito da mudan\u00e7a j\u00e1 no primeiro caf\u00e9 da manh\u00e3 ap\u00f3s a \u201cinaugura\u00e7\u00e3o\u201d do sistema. Muitos estavam descontentes, alguns n\u00e3o concordavam com a localiza\u00e7\u00e3o dos postes e outros nem viam a sua necessidade. <strong>Romilda Rezende<\/strong>, uma de nossas atendentes de telemarketing, \u00e9 motociclista e, apesar de engrossar o time daqueles que ainda n\u00e3o est\u00e3o satisfeitos, solidarizou-se com os \u201cpobres\u201d sem\u00e1foros. Veja a seguir uma cr\u00f4nica de sua autoria:<\/p>\n<p style=\"text-align: center;\"><a href=\"http:\/\/ultimato.com.br\/sites\/blogdaultimato\/files\/2011\/08\/4642756963_db3310c209.jpg\" class=\"lightview\" data-lightview-group=\"group-2692\" data-lightview-options=\"skin: 'dark', controls: 'relative', padding: '10', shadow: { color: '#000000', opacity: 0.08, blur: 3 }\" style=\"color: #ed1e24; text-decoration: none;\" data-lightview-title=\"Foto: Pabline Felix\"><img loading=\"lazy\" decoding=\"async\" class=\"size-medium wp-image-2693 aligncenter\" style=\"border-style: initial; border-color: initial;\" title=\"Foto: Pabline Felix\" src=\"http:\/\/ultimato.com.br\/sites\/blogdaultimato\/files\/2011\/08\/4642756963_db3310c209-300x200.jpg\" alt=\"\" width=\"300\" height=\"200\" srcset=\"https:\/\/ultimato.com.br\/sites\/blogdaultimato\/files\/2011\/08\/4642756963_db3310c209-300x200.jpg 300w, https:\/\/ultimato.com.br\/sites\/blogdaultimato\/files\/2011\/08\/4642756963_db3310c209-150x100.jpg 150w, https:\/\/ultimato.com.br\/sites\/blogdaultimato\/files\/2011\/08\/4642756963_db3310c209.jpg 500w\" sizes=\"auto, (max-width: 300px) 100vw, 300px\" \/><!--more--><\/a><\/p>\n<blockquote><p>Acabamos de chegar em Vi\u00e7osa, poucos nos conheciam. J\u00e1 chegamos fazendo uma grande confus\u00e3o. Nunca vi pessoas t\u00e3o apressadas e irritadas. Quase nos espancam! Ainda bem que sou o mais alto de todos.<\/p>\n<p>Meu amigo verdinho se deu bem: o povo fica feliz ao v\u00ea-lo&#8230; Dizem que verde \u00e9 esperan\u00e7a; e nessa eu me dei mau. Os olhares para mim s\u00e3o de \u00f3dio, desespero.<\/p>\n<p>Coitadinho dos motoboys: est\u00e3o andando mais de vinte quil\u00f4metros a mais para fugir de mim, andando pelos cantos da cidade. J\u00e1 n\u00e3o me suportam mais! Antes, andavam pelo centro da cidade, sem tolerar os velhinhos, as mulheres no volante. Hoje est\u00e3o abandonados pelos cantos de Vi\u00e7osa, e \u00e9 tudo minha culpa. Mas com o tempo h\u00e3o de se acostumar comigo e creio que ainda vamos fazer um grande sucesso.<\/p>\n<p>Certo?<\/p>\n<p>Atenciosamente,<\/p>\n<p>Sra. Luz Vermelha do Sem\u00e1foro.<\/p><\/blockquote>\n","protected":false},"excerpt":{"rendered":"<p>Vi\u00e7osa \u00e9 uma cidade relativamente pequena. Sua popula\u00e7\u00e3o \u00e9 de pouco mais de 70 mil habitantes, aos que se somam 20 mil estudantes universit\u00e1rios residentes nos per\u00edodos escolares. At\u00e9 o m\u00eas passado, a principal regra de tr\u00e2nsito era a de que os pedestres sempre tem prefer\u00eancia, e o respeito por tal \u201ctradi\u00e7\u00e3o vi\u00e7osense\u201d era conhecida [&#8230;]<\/p>\n","protected":false},"author":21,"featured_media":0,"comment_status":"open","ping_status":"open","sticky":false,"template":"","format":"standard","meta":{"ngg_post_thumbnail":0,"footnotes":""},"categories":[5153],"tags":[],"class_list":["post-2692","post","type-post","status-publish","format-standard","hentry","category-prateleira"],"_links":{"self":[{"href":"https:\/\/ultimato.com.br\/sites\/blogdaultimato\/wp-json\/wp\/v2\/posts\/2692","targetHints":{"allow":["GET"]}}],"collection":[{"href":"https:\/\/ultimato.com.br\/sites\/blogdaultimato\/wp-json\/wp\/v2\/posts"}],"about":[{"href":"https:\/\/ultimato.com.br\/sites\/blogdaultimato\/wp-json\/wp\/v2\/types\/post"}],"author":[{"embeddable":true,"href":"https:\/\/ultimato.com.br\/sites\/blogdaultimato\/wp-json\/wp\/v2\/users\/21"}],"replies":[{"embeddable":true,"href":"https:\/\/ultimato.com.br\/sites\/blogdaultimato\/wp-json\/wp\/v2\/comments?post=2692"}],"version-history":[{"count":5,"href":"https:\/\/ultimato.com.br\/sites\/blogdaultimato\/wp-json\/wp\/v2\/posts\/2692\/revisions"}],"predecessor-version":[{"id":2695,"href":"https:\/\/ultimato.com.br\/sites\/blogdaultimato\/wp-json\/wp\/v2\/posts\/2692\/revisions\/2695"}],"wp:attachment":[{"href":"https:\/\/ultimato.com.br\/sites\/blogdaultimato\/wp-json\/wp\/v2\/media?parent=2692"}],"wp:term":[{"taxonomy":"category","embeddable":true,"href":"https:\/\/ultimato.com.br\/sites\/blogdaultimato\/wp-json\/wp\/v2\/categories?post=2692"},{"taxonomy":"post_tag","embeddable":true,"href":"https:\/\/ultimato.com.br\/sites\/blogdaultimato\/wp-json\/wp\/v2\/tags?post=2692"}],"curies":[{"name":"wp","href":"https:\/\/api.w.org\/{rel}","templated":true}]}}