{"id":2684,"date":"2011-08-04T08:47:37","date_gmt":"2011-08-04T11:47:37","guid":{"rendered":"http:\/\/ultimato.com.br\/sites\/blogdaultimato\/?p=2684"},"modified":"2011-08-04T08:47:37","modified_gmt":"2011-08-04T11:47:37","slug":"voce-encarou-o-desafio-do-tempo","status":"publish","type":"post","link":"https:\/\/ultimato.com.br\/sites\/blogdaultimato\/2011\/08\/04\/voce-encarou-o-desafio-do-tempo\/","title":{"rendered":"Voc\u00ea encarou o Desafio do Tempo?"},"content":{"rendered":"<p><a href=\"http:\/\/ultimato.com.br\/sites\/blogdaultimato\/files\/2011\/08\/04_08_ultblog_relogio.jpg\" class=\"lightview\" data-lightview-group=\"group-2684\" data-lightview-options=\"skin: 'dark', controls: 'relative', padding: '10', shadow: { color: '#000000', opacity: 0.08, blur: 3 }\" data-lightview-title=\"04_08_ultblog_relogio\"><img loading=\"lazy\" decoding=\"async\" class=\"alignright size-full wp-image-2685\" title=\"04_08_ultblog_relogio\" src=\"http:\/\/ultimato.com.br\/sites\/blogdaultimato\/files\/2011\/08\/04_08_ultblog_relogio.jpg\" alt=\"\" width=\"188\" height=\"193\" srcset=\"https:\/\/ultimato.com.br\/sites\/blogdaultimato\/files\/2011\/08\/04_08_ultblog_relogio.jpg 188w, https:\/\/ultimato.com.br\/sites\/blogdaultimato\/files\/2011\/08\/04_08_ultblog_relogio-146x150.jpg 146w\" sizes=\"auto, (max-width: 188px) 100vw, 188px\" \/><\/a>Por ocasi\u00e3o do lan\u00e7amento da nova edi\u00e7\u00e3o do livro <a href=\"http:\/\/ultimato.com.br\/sites\/livres-tirania\/\" target=\"_blank\">Livres da Tirania da Urg\u00eancia<\/a>, durante todo o m\u00eas de julho, dedicamos espa\u00e7o para tratar n\u00e3o somente dos problemas contempor\u00e2neos relacionados \u00e0 administra\u00e7\u00e3o do tempo, mas tamb\u00e9m do seu valor teol\u00f3gico; digamos assim, eterno.\u00a0<!--more--><\/p>\n<p>Lan\u00e7amos ainda o <a href=\"http:\/\/ultimato.com.br\/sites\/livres-tirania\/desafio\/\" target=\"_blank\">Desafio do Tempo<\/a>. A ideia era encorajar os internautas a n\u00e3o somente refletir sobre o assunto, mas tamb\u00e9m a \u201ccolocar a m\u00e3o na massa\u201d, p\u00f4r em pr\u00e1tica o que leu e meditou. Mais do que isso, no entanto, que cada leitor tomasse a decis\u00e3o de n\u00e3o se conformar com a mediocridade em lidar com algo t\u00e3o precioso: o tempo.<\/p>\n<p>Muitos aceitaram o desafio (pelo menos 36 declararam pelo hotsite do livro), e agora queremos saber como foi. Conte-nos seu relato. Compartilhe sua experi\u00eancia (seja como texto, v\u00eddeo, \u00e1udio, imagem). Mesmo que tenha tido aspectos negativos, n\u00e3o deixe de compartilhar sua luta. Tamb\u00e9m \u00e9 a nossa.<\/p>\n<p>Envie seu relato para <a href=\"ultimatoonline@ultimato.com.br\" target=\"_blank\">ultimatoonline@ultimato.com.br<\/a><\/p>\n","protected":false},"excerpt":{"rendered":"<p>Por ocasi\u00e3o do lan\u00e7amento da nova edi\u00e7\u00e3o do livro Livres da Tirania da Urg\u00eancia, durante todo o m\u00eas de julho, dedicamos espa\u00e7o para tratar n\u00e3o somente dos problemas contempor\u00e2neos relacionados \u00e0 administra\u00e7\u00e3o do tempo, mas tamb\u00e9m do seu valor teol\u00f3gico; digamos assim, eterno.\u00a0<\/p>\n","protected":false},"author":21,"featured_media":0,"comment_status":"open","ping_status":"open","sticky":false,"template":"","format":"standard","meta":{"ngg_post_thumbnail":0,"footnotes":""},"categories":[5153],"tags":[],"class_list":["post-2684","post","type-post","status-publish","format-standard","hentry","category-prateleira"],"_links":{"self":[{"href":"https:\/\/ultimato.com.br\/sites\/blogdaultimato\/wp-json\/wp\/v2\/posts\/2684","targetHints":{"allow":["GET"]}}],"collection":[{"href":"https:\/\/ultimato.com.br\/sites\/blogdaultimato\/wp-json\/wp\/v2\/posts"}],"about":[{"href":"https:\/\/ultimato.com.br\/sites\/blogdaultimato\/wp-json\/wp\/v2\/types\/post"}],"author":[{"embeddable":true,"href":"https:\/\/ultimato.com.br\/sites\/blogdaultimato\/wp-json\/wp\/v2\/users\/21"}],"replies":[{"embeddable":true,"href":"https:\/\/ultimato.com.br\/sites\/blogdaultimato\/wp-json\/wp\/v2\/comments?post=2684"}],"version-history":[{"count":1,"href":"https:\/\/ultimato.com.br\/sites\/blogdaultimato\/wp-json\/wp\/v2\/posts\/2684\/revisions"}],"predecessor-version":[{"id":2686,"href":"https:\/\/ultimato.com.br\/sites\/blogdaultimato\/wp-json\/wp\/v2\/posts\/2684\/revisions\/2686"}],"wp:attachment":[{"href":"https:\/\/ultimato.com.br\/sites\/blogdaultimato\/wp-json\/wp\/v2\/media?parent=2684"}],"wp:term":[{"taxonomy":"category","embeddable":true,"href":"https:\/\/ultimato.com.br\/sites\/blogdaultimato\/wp-json\/wp\/v2\/categories?post=2684"},{"taxonomy":"post_tag","embeddable":true,"href":"https:\/\/ultimato.com.br\/sites\/blogdaultimato\/wp-json\/wp\/v2\/tags?post=2684"}],"curies":[{"name":"wp","href":"https:\/\/api.w.org\/{rel}","templated":true}]}}