{"id":2618,"date":"2011-07-19T10:00:11","date_gmt":"2011-07-19T13:00:11","guid":{"rendered":"http:\/\/ultimato.com.br\/sites\/blogdaultimato\/?p=2618"},"modified":"2011-07-18T12:21:48","modified_gmt":"2011-07-18T15:21:48","slug":"conta-e-tempo","status":"publish","type":"post","link":"https:\/\/ultimato.com.br\/sites\/blogdaultimato\/2011\/07\/19\/conta-e-tempo\/","title":{"rendered":"Conta e Tempo"},"content":{"rendered":"<p><em><a href=\"http:\/\/ultimato.com.br\/sites\/blogdaultimato\/files\/2011\/07\/18_07_ampulheta_blogULT.jpg\" class=\"lightview\" data-lightview-group=\"group-2618\" data-lightview-options=\"skin: 'dark', controls: 'relative', padding: '10', shadow: { color: '#000000', opacity: 0.08, blur: 3 }\" data-lightview-title=\"18_07_ampulheta_blogULT\"><img loading=\"lazy\" decoding=\"async\" class=\"alignright size-full wp-image-2644\" title=\"18_07_ampulheta_blogULT\" src=\"http:\/\/ultimato.com.br\/sites\/blogdaultimato\/files\/2011\/07\/18_07_ampulheta_blogULT.jpg\" alt=\"\" width=\"126\" height=\"204\" srcset=\"https:\/\/ultimato.com.br\/sites\/blogdaultimato\/files\/2011\/07\/18_07_ampulheta_blogULT.jpg 126w, https:\/\/ultimato.com.br\/sites\/blogdaultimato\/files\/2011\/07\/18_07_ampulheta_blogULT-92x150.jpg 92w\" sizes=\"auto, (max-width: 126px) 100vw, 126px\" \/><\/a>de Laurindo Rabelo<\/em><\/p>\n<p>Deus pede estrita conta do meu tempo,<br \/>\n\u00c9 for\u00e7oso do tempo j\u00e1 dar conta;<br \/>\nMas como dar em tempo tanta conta,<br \/>\nEu que gastei sem conta tanto tempo?<\/p>\n<p>Para ter minha conta feita a tempo,<br \/>\nDado me foi bom tempo e n\u00e3o fiz conta.<br \/>\nN\u00e3o quis, sobrando tempo, fazer conta;<br \/>\nQuero, hoje, fazer conta e falta tempo.<\/p>\n<p><!--more-->Oh! v\u00f3s que tendes tempo sem ter conta,<br \/>\nN\u00e3o gasteis esse tempo em passa-tempo:<br \/>\nCuidai enquanto \u00e9 tempo em fazer conta.<\/p>\n<p>Mas, oh! se esses que contam com seu tempo<br \/>\nFizessem desse tempo alguma conta,<br \/>\nN\u00e3o choravam, como eu, o n\u00e3o ter tempo.<\/p>\n","protected":false},"excerpt":{"rendered":"<p>de Laurindo Rabelo<br \/>\nDeus pede estrita conta do meu tempo,<br \/>\n\u00c9 for\u00e7oso do tempo j\u00e1 dar conta;<br \/>\nMas como dar em tempo tanta conta,<br \/>\nEu que gastei sem conta tanto tempo?<br \/>\nPara ter minha conta feita a tempo,<br \/>\nDado me foi bom tempo e n\u00e3o fiz conta.<br \/>\nN\u00e3o quis, sobrando tempo, fazer conta;<br \/>\nQuero, hoje, fazer conta e falta tempo.<\/p>\n","protected":false},"author":21,"featured_media":0,"comment_status":"open","ping_status":"open","sticky":false,"template":"","format":"standard","meta":{"ngg_post_thumbnail":0,"footnotes":""},"categories":[5153],"tags":[],"class_list":["post-2618","post","type-post","status-publish","format-standard","hentry","category-prateleira"],"_links":{"self":[{"href":"https:\/\/ultimato.com.br\/sites\/blogdaultimato\/wp-json\/wp\/v2\/posts\/2618","targetHints":{"allow":["GET"]}}],"collection":[{"href":"https:\/\/ultimato.com.br\/sites\/blogdaultimato\/wp-json\/wp\/v2\/posts"}],"about":[{"href":"https:\/\/ultimato.com.br\/sites\/blogdaultimato\/wp-json\/wp\/v2\/types\/post"}],"author":[{"embeddable":true,"href":"https:\/\/ultimato.com.br\/sites\/blogdaultimato\/wp-json\/wp\/v2\/users\/21"}],"replies":[{"embeddable":true,"href":"https:\/\/ultimato.com.br\/sites\/blogdaultimato\/wp-json\/wp\/v2\/comments?post=2618"}],"version-history":[{"count":6,"href":"https:\/\/ultimato.com.br\/sites\/blogdaultimato\/wp-json\/wp\/v2\/posts\/2618\/revisions"}],"predecessor-version":[{"id":2643,"href":"https:\/\/ultimato.com.br\/sites\/blogdaultimato\/wp-json\/wp\/v2\/posts\/2618\/revisions\/2643"}],"wp:attachment":[{"href":"https:\/\/ultimato.com.br\/sites\/blogdaultimato\/wp-json\/wp\/v2\/media?parent=2618"}],"wp:term":[{"taxonomy":"category","embeddable":true,"href":"https:\/\/ultimato.com.br\/sites\/blogdaultimato\/wp-json\/wp\/v2\/categories?post=2618"},{"taxonomy":"post_tag","embeddable":true,"href":"https:\/\/ultimato.com.br\/sites\/blogdaultimato\/wp-json\/wp\/v2\/tags?post=2618"}],"curies":[{"name":"wp","href":"https:\/\/api.w.org\/{rel}","templated":true}]}}