{"id":2565,"date":"2011-07-04T17:00:17","date_gmt":"2011-07-04T20:00:17","guid":{"rendered":"http:\/\/ultimato.com.br\/sites\/blogdaultimato\/?p=2565"},"modified":"2011-07-15T10:57:48","modified_gmt":"2011-07-15T13:57:48","slug":"jecas-de-ca-e-de-la-em-festa","status":"publish","type":"post","link":"https:\/\/ultimato.com.br\/sites\/blogdaultimato\/2011\/07\/04\/jecas-de-ca-e-de-la-em-festa\/","title":{"rendered":"Jecas de c\u00e1 e de l\u00e1 em festa!"},"content":{"rendered":"<p><span style=\"font-family: trebuchet ms,sans-serif;\"><a href=\"http:\/\/ultimato.com.br\/sites\/blogdaultimato\/files\/2011\/07\/04_07_festajeca.jpg\" class=\"lightview\" data-lightview-group=\"group-2565\" data-lightview-options=\"skin: 'dark', controls: 'relative', padding: '10', shadow: { color: '#000000', opacity: 0.08, blur: 3 }\" data-lightview-title=\"04_07_festajeca\"><img loading=\"lazy\" decoding=\"async\" class=\"aligncenter size-full wp-image-2569\" title=\"04_07_festajeca\" src=\"http:\/\/ultimato.com.br\/sites\/blogdaultimato\/files\/2011\/07\/04_07_festajeca.jpg\" alt=\"\" width=\"434\" height=\"186\" srcset=\"https:\/\/ultimato.com.br\/sites\/blogdaultimato\/files\/2011\/07\/04_07_festajeca.jpg 434w, https:\/\/ultimato.com.br\/sites\/blogdaultimato\/files\/2011\/07\/04_07_festajeca-300x128.jpg 300w, https:\/\/ultimato.com.br\/sites\/blogdaultimato\/files\/2011\/07\/04_07_festajeca-150x64.jpg 150w\" sizes=\"auto, (max-width: 434px) 100vw, 434px\" \/><\/a><\/span><\/p>\n<p><span style=\"font-family: trebuchet ms,sans-serif;\">Um dos pontos fortes da equipe  Ultimato, sem d\u00favida, \u00e9 festejar. Basta um pequeno motivo para nos  reunirmos em volta da mesa e celebrar juntos. Se basta um pequeno  motivo, um semestre de muito trabalho e muitas b\u00ean\u00e7\u00e3os \u00e9 um motivo e  tanto! Sendo assim, realizamos na \u00faltima sexta-feira nossa tradicional  festa caipira.<br \/>\n<\/span><\/p>\n<div>\n<div><span style=\"font-family: 'trebuchet ms',sans-serif;\"><!--more-->Comida  t\u00edpica da ro\u00e7a &#8211; incluindo batata doce assada na fogueira -, brincadeiras  em equipe &#8211; destaque para um divertido quizz sobre a hist\u00f3ria da  editora -, divers\u00e3o para a crian\u00e7ada, a presen\u00e7a de familiares,  amigos e vizinhos e muita alegria e gratid\u00e3o pela miseric\u00f3rdia e socorro  de Deus sempre presente&#8230; <\/span><\/div>\n<div><span style=\"font-family: 'trebuchet ms',sans-serif;\"><em>\u00cata festa boa di du\u00ea! <\/em><\/span><\/div>\n<div><span style=\"font-family: 'trebuchet ms',sans-serif;\"><em><a href=\"http:\/\/ultimato.com.br\/sites\/blogdaultimato\/files\/2011\/07\/04_07_jeca_mesa.jpg\" class=\"lightview\" data-lightview-group=\"group-2565\" data-lightview-options=\"skin: 'dark', controls: 'relative', padding: '10', shadow: { color: '#000000', opacity: 0.08, blur: 3 }\" data-lightview-title=\"04_07_jeca_mesa\"><img loading=\"lazy\" decoding=\"async\" class=\"aligncenter size-full wp-image-2570\" title=\"04_07_jeca_mesa\" src=\"http:\/\/ultimato.com.br\/sites\/blogdaultimato\/files\/2011\/07\/04_07_jeca_mesa.jpg\" alt=\"\" width=\"434\" height=\"292\" srcset=\"https:\/\/ultimato.com.br\/sites\/blogdaultimato\/files\/2011\/07\/04_07_jeca_mesa.jpg 434w, https:\/\/ultimato.com.br\/sites\/blogdaultimato\/files\/2011\/07\/04_07_jeca_mesa-300x201.jpg 300w, https:\/\/ultimato.com.br\/sites\/blogdaultimato\/files\/2011\/07\/04_07_jeca_mesa-150x100.jpg 150w\" sizes=\"auto, (max-width: 434px) 100vw, 434px\" \/><\/a><br \/>\n<\/em><\/span><\/div>\n<div><span style=\"font-family: 'trebuchet ms',sans-serif;\">__________<\/span><\/div>\n<div><strong>Ivny Monteiro<\/strong> tem 25 anos e \u00e9 coordenadora do <a href=\"http:\/\/ultimato.com.br\/sites\/paralelo10\/\" target=\"_blank\">Paralelo 10<\/a>, um projeto da Editora Ultimato em parceria com a <a href=\"http:\/\/tilz.tearfund.org\/Portugues\/\" target=\"_blank\">Tearfund<\/a><\/div>\n<\/div>\n","protected":false},"excerpt":{"rendered":"<p>Um dos pontos fortes da equipe  Ultimato, sem d\u00favida, \u00e9 festejar. Basta um pequeno motivo para nos  reunirmos em volta da mesa e celebrar juntos. Se basta um pequeno  motivo, um semestre de muito trabalho e muitas b\u00ean\u00e7\u00e3os \u00e9 um motivo e  tanto! Sendo assim, realizamos na \u00faltima sexta-feira nossa tradicional [&#8230;]<\/p>\n","protected":false},"author":21,"featured_media":0,"comment_status":"open","ping_status":"open","sticky":false,"template":"","format":"standard","meta":{"ngg_post_thumbnail":0,"footnotes":""},"categories":[5153],"tags":[],"class_list":["post-2565","post","type-post","status-publish","format-standard","hentry","category-prateleira"],"_links":{"self":[{"href":"https:\/\/ultimato.com.br\/sites\/blogdaultimato\/wp-json\/wp\/v2\/posts\/2565","targetHints":{"allow":["GET"]}}],"collection":[{"href":"https:\/\/ultimato.com.br\/sites\/blogdaultimato\/wp-json\/wp\/v2\/posts"}],"about":[{"href":"https:\/\/ultimato.com.br\/sites\/blogdaultimato\/wp-json\/wp\/v2\/types\/post"}],"author":[{"embeddable":true,"href":"https:\/\/ultimato.com.br\/sites\/blogdaultimato\/wp-json\/wp\/v2\/users\/21"}],"replies":[{"embeddable":true,"href":"https:\/\/ultimato.com.br\/sites\/blogdaultimato\/wp-json\/wp\/v2\/comments?post=2565"}],"version-history":[{"count":6,"href":"https:\/\/ultimato.com.br\/sites\/blogdaultimato\/wp-json\/wp\/v2\/posts\/2565\/revisions"}],"predecessor-version":[{"id":2616,"href":"https:\/\/ultimato.com.br\/sites\/blogdaultimato\/wp-json\/wp\/v2\/posts\/2565\/revisions\/2616"}],"wp:attachment":[{"href":"https:\/\/ultimato.com.br\/sites\/blogdaultimato\/wp-json\/wp\/v2\/media?parent=2565"}],"wp:term":[{"taxonomy":"category","embeddable":true,"href":"https:\/\/ultimato.com.br\/sites\/blogdaultimato\/wp-json\/wp\/v2\/categories?post=2565"},{"taxonomy":"post_tag","embeddable":true,"href":"https:\/\/ultimato.com.br\/sites\/blogdaultimato\/wp-json\/wp\/v2\/tags?post=2565"}],"curies":[{"name":"wp","href":"https:\/\/api.w.org\/{rel}","templated":true}]}}