{"id":2560,"date":"2011-07-01T14:53:15","date_gmt":"2011-07-01T17:53:15","guid":{"rendered":"http:\/\/ultimato.com.br\/sites\/blogdaultimato\/?p=2560"},"modified":"2011-07-01T14:53:15","modified_gmt":"2011-07-01T17:53:15","slug":"cartas-da-prisao","status":"publish","type":"post","link":"https:\/\/ultimato.com.br\/sites\/blogdaultimato\/2011\/07\/01\/cartas-da-prisao\/","title":{"rendered":"Cartas da pris\u00e3o"},"content":{"rendered":"<p>Ultimato \u00e9 enviada periodicamente a diversos presidi\u00e1rios em todo o Brasil. Muitos deles se correspondem conosco e compartilham sobre o quanto tem sido edificados com a leitura dos textos. Confira alguns deles:<\/p>\n<p>&nbsp;<\/p>\n<blockquote><p>Acabo de escrever um livro: <em>Dados Importantes da Vida de Paulo<\/em>. Foram nove meses de pesquisa b\u00edblica. Quero continuar esse trabalho, mas preciso do apoio de alguma editora.<!--more--><\/p>\n<p><strong>Pr. Rovilson Alves<\/strong> (Raio 3, cela 301, Estrada Municipal Iper\u00f3\/Tatu\u00ed, km 5,5, Iper\u00f3, SP)<\/p><\/blockquote>\n<p>&nbsp;<\/p>\n<blockquote><p>A mat\u00e9ria de capa sobre sofrimento (novembro\/dezembro de 2010) foi muito marcante para mim, pois o meu sofrimento n\u00e3o representa quase nada se comparado ao daqueles que estiveram em campos de concentra\u00e7\u00e3o. Gra\u00e7as a Deus, minha m\u00e3e, que era da Iugosl\u00e1via, conseguiu extradi\u00e7\u00e3o durante a Segunda Guerra. Quanto a mim, estou preso desde 1995. Tenho 54 anos e estou nos caminhos do Senhor desde 1998, quando ele me tirou dos bra\u00e7os da morte, curou minhas feridas (levei v\u00e1rios tiros) e fez de mim um novo homem. Hoje fa\u00e7o a obra de Deus na pris\u00e3o.<\/p>\n<p><strong>M\u00e1rio Garcia<\/strong>, Riol\u00e2ndia, SP<\/p><\/blockquote>\n<p>&nbsp;<\/p>\n<blockquote><p>Quando fui preso, em junho de 2008, achei que o mundo tinha acabado para mim. Tr\u00eas dias depois tomei a decis\u00e3o de me enforcar. Tentei por tr\u00eas ou quatro vezes e n\u00e3o consegui. Depois de tudo isso, entendi que a vida n\u00e3o acaba quando achamos que ela acabou. Comecei a viver um dia ap\u00f3s o outro. Hoje sou feliz. Conheci a Palavra de Deus.<\/p>\n<p><strong>Jos\u00e9 da Silva<\/strong>, Sorocaba, SP<\/p><\/blockquote>\n<p>&nbsp;<\/p>\n<blockquote><p>Quem sou eu? Um miser\u00e1vel pecador, ex-viciado e ex-assaltante. Sou apenas um presidi\u00e1rio arrependido, pagando por seus erros, esquecido pela fam\u00edlia, abandonado pela sociedade e rejeitado por todos. E ainda condenado \u00e0 morte, pois h\u00e1 18 anos sou soropositivo. Por algum tempo pensei em desistir de tudo. Entrei em uma depress\u00e3o profunda. Por\u00e9m, Jesus me mostrou que ele \u00e9 o m\u00e9dico e eu sou o doente. Estou condenado a 18 anos de reclus\u00e3o, dos quais j\u00e1 cumpri 10. Na pris\u00e3o conclu\u00ed o ensino fundamental e o m\u00e9dio. Tenho orado e lido muito. N\u00e3o vejo a hora de sair de cabe\u00e7a erguida para pregar o evangelho. <strong>Ultimato<\/strong> tem aben\u00e7oado muito a vida dos presos.<\/p>\n<p><strong>Paulo Henrique de Almeida<\/strong>, Casa Branca, SP<\/p><\/blockquote>\n<p>&nbsp;<\/p>\n<blockquote><p>Oro todos os dias por voc\u00eas. Gostaria que <strong>Ultimato<\/strong> publicasse a seguinte reflex\u00e3o: Certa vez, um homem pediu a Deus uma flor e uma borboleta. Por\u00e9m, Deus lhe deu um cacto e uma lagarta. O homem ficou triste, pois n\u00e3o entendeu o porqu\u00ea de seu pedido vir errado. Ent\u00e3o pensou: \u201cTamb\u00e9m, com tantas pessoas para atender&#8230;\u201d. E resolveu n\u00e3o questionar. Passado algum tempo, foi verificar o pedido que deixara esquecido. Para sua surpresa, do espinhoso e frio cacto havia nascido uma bela flor, e a horr\u00edvel lagarta transformara-se em uma linda borboleta. Ele reconheceu que Deus age certo. Assim \u00e9 a nossa vida. Hoje pode ser triste, mas amanh\u00e3 iremos sorrir. Porque Deus \u00e9 o nosso ajudador.<\/p>\n<p><strong>Pr. Samuel de Moura<\/strong>, Itirapina, SP<\/p><\/blockquote>\n<p>&nbsp;<\/p>\n<blockquote><p>Sou pastor evang\u00e9lico. N\u00e3o vigiei o suficiente e estou preso em um pres\u00eddio no Rio de Janeiro, onde fa\u00e7o a obra de Deus (leia Mateus 25.36). Gostaria de receber sempre a revista <strong>Ultimato<\/strong>.<\/p>\n<p><strong>Pr. C\u00e9sar Mesquita<\/strong>, Rio de Janeiro, RJ<\/p><\/blockquote>\n<p>&nbsp;<\/p>\n<blockquote><p>\u2014 Para o leitor compreender melhor o drama dos irm\u00e3os encarcerados, que sempre escrevem a <strong>Ultimato<\/strong>, sugerimos o filme <em>Um sonho de liberdade<\/em>. Ele conta a hist\u00f3ria de um banqueiro que foi condenado \u00e0 pris\u00e3o perp\u00e9tua e que tinha a habilidade de resolver problemas do dia-a-dia dele e dos outros. A B\u00edblia diz: \u201cN\u00e3o se esque\u00e7am daqueles que est\u00e3o na pris\u00e3o. Sofram com eles, como se voc\u00eas pr\u00f3prios estivessem aprisionados com eles\u201d (Hb 13.3).<\/p><\/blockquote>\n<p>&nbsp;<\/p>\n<p>Estes s\u00e3o depoimentos de alguns dos presidi\u00e1rios que recebem Ultimato por meio do nosso  projeto de <strong>Assinaturas Patrocinadas<\/strong>. Se quiser conhecer mais sobre ele, escreva para Ivny: <a href=\"mailto:ivny@ultimato.com.br\">ivny@ultimato.com.br<\/a><a href=\"mailto:ivny@ultimato.com.br\"><\/a><\/p>\n","protected":false},"excerpt":{"rendered":"<p>Ultimato \u00e9 enviada periodicamente a diversos presidi\u00e1rios em todo o Brasil. Muitos deles se correspondem conosco e compartilham sobre o quanto tem sido edificados com a leitura dos textos. Confira alguns deles:<br \/>\n&nbsp;<br \/>\nAcabo de escrever um livro: Dados Importantes da Vida de Paulo. Foram nove meses de pesquisa b\u00edblica. Quero continuar esse trabalho, mas preciso do [&#8230;]<\/p>\n","protected":false},"author":21,"featured_media":0,"comment_status":"open","ping_status":"open","sticky":false,"template":"","format":"standard","meta":{"ngg_post_thumbnail":0,"footnotes":""},"categories":[5153],"tags":[],"class_list":["post-2560","post","type-post","status-publish","format-standard","hentry","category-prateleira"],"_links":{"self":[{"href":"https:\/\/ultimato.com.br\/sites\/blogdaultimato\/wp-json\/wp\/v2\/posts\/2560","targetHints":{"allow":["GET"]}}],"collection":[{"href":"https:\/\/ultimato.com.br\/sites\/blogdaultimato\/wp-json\/wp\/v2\/posts"}],"about":[{"href":"https:\/\/ultimato.com.br\/sites\/blogdaultimato\/wp-json\/wp\/v2\/types\/post"}],"author":[{"embeddable":true,"href":"https:\/\/ultimato.com.br\/sites\/blogdaultimato\/wp-json\/wp\/v2\/users\/21"}],"replies":[{"embeddable":true,"href":"https:\/\/ultimato.com.br\/sites\/blogdaultimato\/wp-json\/wp\/v2\/comments?post=2560"}],"version-history":[{"count":3,"href":"https:\/\/ultimato.com.br\/sites\/blogdaultimato\/wp-json\/wp\/v2\/posts\/2560\/revisions"}],"predecessor-version":[{"id":2563,"href":"https:\/\/ultimato.com.br\/sites\/blogdaultimato\/wp-json\/wp\/v2\/posts\/2560\/revisions\/2563"}],"wp:attachment":[{"href":"https:\/\/ultimato.com.br\/sites\/blogdaultimato\/wp-json\/wp\/v2\/media?parent=2560"}],"wp:term":[{"taxonomy":"category","embeddable":true,"href":"https:\/\/ultimato.com.br\/sites\/blogdaultimato\/wp-json\/wp\/v2\/categories?post=2560"},{"taxonomy":"post_tag","embeddable":true,"href":"https:\/\/ultimato.com.br\/sites\/blogdaultimato\/wp-json\/wp\/v2\/tags?post=2560"}],"curies":[{"name":"wp","href":"https:\/\/api.w.org\/{rel}","templated":true}]}}